{"id":38538,"date":"2019-08-11T18:46:12","date_gmt":"2019-08-11T21:46:12","guid":{"rendered":"http:\/\/informeformosa.com.ar\/?p=38538"},"modified":"2019-08-11T18:46:19","modified_gmt":"2019-08-11T21:46:19","slug":"pastor-y-la-esperanza-de-cambiar-el-rumbo-del-pais","status":"publish","type":"post","link":"http:\/\/informeformosa.com.ar\/?p=38538","title":{"rendered":"Pastor y la esperanza de cambiar el rumbo del pa\u00eds"},"content":{"rendered":"\n<p>Al\nsufragar en la Escuela N\u00ba 2 del microcentro capitalino, la precandidata a\ndiputada nacional suplente de Formosa por el Frente de Todos (FdT), Patricia\nPastor, remarc\u00f3 que votaba con \u201cla esperanza de que podamos cambiar la\nsituaci\u00f3n social y econ\u00f3mica del pa\u00eds\u201d.<\/p>\n\n\n\n<p>\u201cVengo\na votar con mucha alegr\u00eda, fue un muy lindo d\u00eda as\u00ed que aprovech\u00e9 para ir\ntemprano a votar y despu\u00e9s poder dedicarme al resto de las actividades y a\nayudar al resto de mis compa\u00f1eros\u201d, relat\u00f3.<\/p>\n\n\n\n<p>Cont\u00f3\nque \u201cgeneralmente voy al mediod\u00eda a votar, pero este domingo prefer\u00ed ir\ntemprano porque me toc\u00f3 trabajar en el Villa del Carmen, que est\u00e1 bastante\nalejado del centro, por lo cual decid\u00ed sufragar temprano e irme para all\u00e1\u201d.<\/p>\n\n\n\n<p>\u201cVivo\nlas elecciones de una manera especial por el hecho de participar y estar dentro\nde la lista de candidatos del FdT, pero m\u00e1s que nada con una esperanza de que\npodamos cambiar la situaci\u00f3n social y econ\u00f3mica del pa\u00eds\u201d, subray\u00f3 la\nprecandidata.&nbsp;<\/p>\n","protected":false},"excerpt":{"rendered":"<p>Al sufragar en la Escuela N\u00ba 2 del microcentro capitalino, la precandidata a diputada nacional suplente de Formosa por el Frente de Todos (FdT), Patricia Pastor, remarc\u00f3 que votaba con \u201cla esperanza de que podamos cambiar la situaci\u00f3n social y econ\u00f3mica del pa\u00eds\u201d. \u201cVengo a votar con mucha alegr\u00eda, fue un muy lindo d\u00eda as\u00ed [&hellip;]<\/p>\n","protected":false},"author":11,"featured_media":38551,"comment_status":"open","ping_status":"open","sticky":false,"template":"","format":"standard","meta":{"footnotes":""},"categories":[21],"tags":[],"class_list":["post-38538","post","type-post","status-publish","format-standard","has-post-thumbnail","hentry","category-provinciales"],"_links":{"self":[{"href":"http:\/\/informeformosa.com.ar\/index.php?rest_route=\/wp\/v2\/posts\/38538","targetHints":{"allow":["GET"]}}],"collection":[{"href":"http:\/\/informeformosa.com.ar\/index.php?rest_route=\/wp\/v2\/posts"}],"about":[{"href":"http:\/\/informeformosa.com.ar\/index.php?rest_route=\/wp\/v2\/types\/post"}],"author":[{"embeddable":true,"href":"http:\/\/informeformosa.com.ar\/index.php?rest_route=\/wp\/v2\/users\/11"}],"replies":[{"embeddable":true,"href":"http:\/\/informeformosa.com.ar\/index.php?rest_route=%2Fwp%2Fv2%2Fcomments&post=38538"}],"version-history":[{"count":1,"href":"http:\/\/informeformosa.com.ar\/index.php?rest_route=\/wp\/v2\/posts\/38538\/revisions"}],"predecessor-version":[{"id":38552,"href":"http:\/\/informeformosa.com.ar\/index.php?rest_route=\/wp\/v2\/posts\/38538\/revisions\/38552"}],"wp:featuredmedia":[{"embeddable":true,"href":"http:\/\/informeformosa.com.ar\/index.php?rest_route=\/wp\/v2\/media\/38551"}],"wp:attachment":[{"href":"http:\/\/informeformosa.com.ar\/index.php?rest_route=%2Fwp%2Fv2%2Fmedia&parent=38538"}],"wp:term":[{"taxonomy":"category","embeddable":true,"href":"http:\/\/informeformosa.com.ar\/index.php?rest_route=%2Fwp%2Fv2%2Fcategories&post=38538"},{"taxonomy":"post_tag","embeddable":true,"href":"http:\/\/informeformosa.com.ar\/index.php?rest_route=%2Fwp%2Fv2%2Ftags&post=38538"}],"curies":[{"name":"wp","href":"https:\/\/api.w.org\/{rel}","templated":true}]}}