{"id":38537,"date":"2019-08-11T18:45:41","date_gmt":"2019-08-11T21:45:41","guid":{"rendered":"http:\/\/informeformosa.com.ar\/?p=38537"},"modified":"2019-08-11T18:45:43","modified_gmt":"2019-08-11T21:45:43","slug":"parola-votar-es-un-motivo-de-alegria","status":"publish","type":"post","link":"http:\/\/informeformosa.com.ar\/?p=38537","title":{"rendered":"Parola: \u201cVotar es un motivo de alegr\u00eda\u201d"},"content":{"rendered":"\n<p>Para\nGraciela Parola, precandidata a diputada nacional titular de Formosa por el\nFrente de Todos (FdT), \u201cvotar es un motivo de alegr\u00eda porque ha costado mucho\nllegar a esta instancia democr\u00e1tica y poder mantenerla durante tanto tiempo\u201d.<\/p>\n\n\n\n<p>\u201cViv\u00ed\nlas PASO con mucha alegr\u00eda porque realmente cada elecci\u00f3n, cada vez que podemos\nemitir nuestro voto y ejercer nuestro derecho a sufragar es para celebrar\n\u2013recalc\u00f3-. Votar es un motivo de alegr\u00eda porque ha costado mucho poder llegar a\nesta instancia democr\u00e1tica y poder mantenerla durante tanto tiempo es realmente\nun motivo de celebraci\u00f3n para todos los ciudadanos\u201d.<\/p>\n\n\n\n<p>Valor\u00f3\nla participaci\u00f3n de los j\u00f3venes, al resaltar que \u201cse hayan podido salvar\nalgunas irregularidades que hubo el 16 de junio, en las elecciones\nprovinciales, y que hayan podido emitir su voto este domingo unos 4000 j\u00f3venes\nm\u00e1s es realmente positivo porque la ley se los reconoce\u201d.<\/p>\n\n\n\n<p>\u201cTambi\u00e9n\neso es el resultado de una lucha y un derecho que ellos han adquirido y como\ntal tienen que tener la posibilidad de poder ejercerlo\u201d, puso de relieve la\nactual subsecretaria de Ni\u00f1ez, Adolescencia y Familia.<\/p>\n\n\n\n<p>Tras\ncelebrar que \u201clos formose\u00f1os tengamos una fiesta de la democracia como la que\nvivimos este domingo\u201d, fue consultada sobre qu\u00e9 significan las PASO. \u201cQue\npodamos ofrecerle a la poblaci\u00f3n la posibilidad de elegir, de que puedan emitir\nsu voto y tratar de buscar una Argentina como la que nosotros nos merecemos\u201d,\nrecalc\u00f3.<\/p>\n\n\n\n<p>\u201cTodos\nsomos defensores de la democracia y seamos de cualquier fuerza pol\u00edtica tenemos\nque tratar de que las elecciones sean lo m\u00e1s transparentes posible y que los\nresultados reflejen realmente la voluntad popular porque de eso se trata este\nproceso democr\u00e1tico electoral\u201d, manifest\u00f3.<\/p>\n\n\n\n<p>Asever\u00f3\nla precandidata que \u201cvivimos toda la jornada comicial, desde el comienzo, con\nmucho entusiasmo. Si bien la gente no acudi\u00f3 muy temprano como s\u00ed lo hizo el 16\nde junio, despu\u00e9s de un rato comenzaron a asistir a los establecimientos de\nvotaci\u00f3n. Vimos en todas las escuelas bastante normalidad en el desarrollo de\nlos comicios\u201d.&nbsp;<\/p>\n","protected":false},"excerpt":{"rendered":"<p>Para Graciela Parola, precandidata a diputada nacional titular de Formosa por el Frente de Todos (FdT), \u201cvotar es un motivo de alegr\u00eda porque ha costado mucho llegar a esta instancia democr\u00e1tica y poder mantenerla durante tanto tiempo\u201d. \u201cViv\u00ed las PASO con mucha alegr\u00eda porque realmente cada elecci\u00f3n, cada vez que podemos emitir nuestro voto y [&hellip;]<\/p>\n","protected":false},"author":11,"featured_media":38549,"comment_status":"open","ping_status":"open","sticky":false,"template":"","format":"standard","meta":{"footnotes":""},"categories":[21],"tags":[],"class_list":["post-38537","post","type-post","status-publish","format-standard","has-post-thumbnail","hentry","category-provinciales"],"_links":{"self":[{"href":"http:\/\/informeformosa.com.ar\/index.php?rest_route=\/wp\/v2\/posts\/38537","targetHints":{"allow":["GET"]}}],"collection":[{"href":"http:\/\/informeformosa.com.ar\/index.php?rest_route=\/wp\/v2\/posts"}],"about":[{"href":"http:\/\/informeformosa.com.ar\/index.php?rest_route=\/wp\/v2\/types\/post"}],"author":[{"embeddable":true,"href":"http:\/\/informeformosa.com.ar\/index.php?rest_route=\/wp\/v2\/users\/11"}],"replies":[{"embeddable":true,"href":"http:\/\/informeformosa.com.ar\/index.php?rest_route=%2Fwp%2Fv2%2Fcomments&post=38537"}],"version-history":[{"count":1,"href":"http:\/\/informeformosa.com.ar\/index.php?rest_route=\/wp\/v2\/posts\/38537\/revisions"}],"predecessor-version":[{"id":38550,"href":"http:\/\/informeformosa.com.ar\/index.php?rest_route=\/wp\/v2\/posts\/38537\/revisions\/38550"}],"wp:featuredmedia":[{"embeddable":true,"href":"http:\/\/informeformosa.com.ar\/index.php?rest_route=\/wp\/v2\/media\/38549"}],"wp:attachment":[{"href":"http:\/\/informeformosa.com.ar\/index.php?rest_route=%2Fwp%2Fv2%2Fmedia&parent=38537"}],"wp:term":[{"taxonomy":"category","embeddable":true,"href":"http:\/\/informeformosa.com.ar\/index.php?rest_route=%2Fwp%2Fv2%2Fcategories&post=38537"},{"taxonomy":"post_tag","embeddable":true,"href":"http:\/\/informeformosa.com.ar\/index.php?rest_route=%2Fwp%2Fv2%2Ftags&post=38537"}],"curies":[{"name":"wp","href":"https:\/\/api.w.org\/{rel}","templated":true}]}}