{"id":38535,"date":"2019-08-11T18:43:08","date_gmt":"2019-08-11T21:43:08","guid":{"rendered":"http:\/\/informeformosa.com.ar\/?p=38535"},"modified":"2019-08-11T18:43:11","modified_gmt":"2019-08-11T21:43:11","slug":"destacan-la-amplia-participacion-ciudadana-en-las-paso","status":"publish","type":"post","link":"http:\/\/informeformosa.com.ar\/?p=38535","title":{"rendered":"Destacan la amplia participaci\u00f3n ciudadana en las PASO"},"content":{"rendered":"\n<p>La\nsubsecretaria de Asuntos Educativos, la profesora Ana Mar\u00eda del Riccio, resalt\u00f3\n\u201cel compromiso personal y c\u00edvico de los formose\u00f1os de ir a votar\u201d, valorando la\namplia participaci\u00f3n ciudadana, sobre todo de adultos mayores y j\u00f3venes.<\/p>\n\n\n\n<p>Cont\u00f3\nque \u201cestuvimos en la Escuela N\u00ba 18, ubicada en la Avenida Lelong y la calle\nMoreno, donde se habilitaron las nueve mesas con m\u00e1s de 3500 electores y con un\nfuncionamiento totalmente normal\u201d.<\/p>\n\n\n\n<p>Tras\nmarcar su alegr\u00eda por la realizaci\u00f3n de un acto c\u00edvico tan importante para el\npa\u00eds, la funcionaria destac\u00f3 la concurrencia de la ciudadan\u00eda. \u201cLas mesas\nfueron habilitadas pr\u00e1cticamente antes de las 8 de la ma\u00f1ana y las personas que\nfueron a votar eran de todas las edades\u201d, apreci\u00f3.<\/p>\n\n\n\n<p>\u201cHubo\nmuch\u00edsimas personas mayores, de la tercera edad, y tambi\u00e9n j\u00f3venes. Vinieron\ntemprano, con el fresco de la ma\u00f1ana. Muchas mujeres, acompa\u00f1adas por sus hijos\no alg\u00fan familiar\u201d, coment\u00f3.<\/p>\n\n\n\n<p>Resalt\u00f3\n\u201cel compromiso personal y c\u00edvico de los formose\u00f1os de ir a votar y en horas\ntempranas, donde hacia bastante fresco. \u00c9se es el compromiso que le damos a la\ndemocracia. Se trata de una acci\u00f3n c\u00edvica democr\u00e1tica, por eso remarco la\nparticipaci\u00f3n en Formosa\u201d, finaliz\u00f3.&nbsp;<\/p>\n","protected":false},"excerpt":{"rendered":"<p>La subsecretaria de Asuntos Educativos, la profesora Ana Mar\u00eda del Riccio, resalt\u00f3 \u201cel compromiso personal y c\u00edvico de los formose\u00f1os de ir a votar\u201d, valorando la amplia participaci\u00f3n ciudadana, sobre todo de adultos mayores y j\u00f3venes. Cont\u00f3 que \u201cestuvimos en la Escuela N\u00ba 18, ubicada en la Avenida Lelong y la calle Moreno, donde se [&hellip;]<\/p>\n","protected":false},"author":11,"featured_media":38545,"comment_status":"open","ping_status":"open","sticky":false,"template":"","format":"standard","meta":{"footnotes":""},"categories":[21],"tags":[],"class_list":["post-38535","post","type-post","status-publish","format-standard","has-post-thumbnail","hentry","category-provinciales"],"_links":{"self":[{"href":"http:\/\/informeformosa.com.ar\/index.php?rest_route=\/wp\/v2\/posts\/38535","targetHints":{"allow":["GET"]}}],"collection":[{"href":"http:\/\/informeformosa.com.ar\/index.php?rest_route=\/wp\/v2\/posts"}],"about":[{"href":"http:\/\/informeformosa.com.ar\/index.php?rest_route=\/wp\/v2\/types\/post"}],"author":[{"embeddable":true,"href":"http:\/\/informeformosa.com.ar\/index.php?rest_route=\/wp\/v2\/users\/11"}],"replies":[{"embeddable":true,"href":"http:\/\/informeformosa.com.ar\/index.php?rest_route=%2Fwp%2Fv2%2Fcomments&post=38535"}],"version-history":[{"count":1,"href":"http:\/\/informeformosa.com.ar\/index.php?rest_route=\/wp\/v2\/posts\/38535\/revisions"}],"predecessor-version":[{"id":38546,"href":"http:\/\/informeformosa.com.ar\/index.php?rest_route=\/wp\/v2\/posts\/38535\/revisions\/38546"}],"wp:featuredmedia":[{"embeddable":true,"href":"http:\/\/informeformosa.com.ar\/index.php?rest_route=\/wp\/v2\/media\/38545"}],"wp:attachment":[{"href":"http:\/\/informeformosa.com.ar\/index.php?rest_route=%2Fwp%2Fv2%2Fmedia&parent=38535"}],"wp:term":[{"taxonomy":"category","embeddable":true,"href":"http:\/\/informeformosa.com.ar\/index.php?rest_route=%2Fwp%2Fv2%2Fcategories&post=38535"},{"taxonomy":"post_tag","embeddable":true,"href":"http:\/\/informeformosa.com.ar\/index.php?rest_route=%2Fwp%2Fv2%2Ftags&post=38535"}],"curies":[{"name":"wp","href":"https:\/\/api.w.org\/{rel}","templated":true}]}}