{"id":38534,"date":"2019-08-11T18:41:17","date_gmt":"2019-08-11T21:41:17","guid":{"rendered":"http:\/\/informeformosa.com.ar\/?p=38534"},"modified":"2019-08-11T18:41:20","modified_gmt":"2019-08-11T21:41:20","slug":"destacan-normalidad-de-la-jornada-comicial","status":"publish","type":"post","link":"http:\/\/informeformosa.com.ar\/?p=38534","title":{"rendered":"Destacan normalidad de la jornada comicial"},"content":{"rendered":"\n<p>La\ndiputada provincial Margarita Batista resalt\u00f3 que la del domingo \u201cfue una\njornada que se desarroll\u00f3 muy bien\u201d, comentando que \u201cestuve a cargo de una\nescuela en el barrio San Juan Bautista y todo empez\u00f3 normalmente, a las 8\nhoras, sin dificultades, trabajando todas las mesas sin problemas\u201d.<\/p>\n\n\n\n<p>Consultada\nrespecto del acuerdo federal que convinieron la semana pasada el gobernador\nGildo Insfr\u00e1n y el precandidato a presidente de la Naci\u00f3n Alberto Fern\u00e1ndez por\nel Frente de Todos (FdT) destac\u00f3 que \u201ces algo que nos parece muy importante\u201d,\nacentuando que \u201cpara nosotros es una nueva Reparaci\u00f3n Hist\u00f3rica\u201d.<\/p>\n\n\n\n<p>Por\nsu parte, el diputado del Parlasur por Formosa, Ricardo Oviedo, calific\u00f3 a las\nPASO como \u201cuna verdadera fiesta c\u00edvica\u201d, a la vez que remarc\u00f3 que \u201cse trat\u00f3 de\nun elecci\u00f3n muy importante para todo el pa\u00eds\u201d.<\/p>\n\n\n\n<p>\u201cFue\nuna oportunidad hist\u00f3rica para los argentinos de volver a manifestarnos en las\nurnas y expresar qu\u00e9 tipo de pa\u00eds queremos\u201d, marc\u00f3.<\/p>\n\n\n\n<p>No\ndud\u00f3 el parlasuriano en sentenciar que \u201cesto es lo m\u00e1s importante que tenemos\nlos argentinos, la democracia, y debemos seguir defendi\u00e9ndola: es la libertad\nde seguir eligiendo y expres\u00e1ndonos libremente en las urnas, sin ning\u00fan tipo de\ncondicionamientos\u201d.<\/p>\n\n\n\n<p>\u201cAs\u00ed\nse ha venido manifestando el pueblo en todas las elecciones. Por ejemplo, en\njunio pasado el pueblo formose\u00f1o particularmente se expres\u00f3 en las urnas\ncontundentemente por un modelo y una idea y en esta oportunidad creemos que se\nva a repetir esta situaci\u00f3n: la ciudadan\u00eda va a acompa\u00f1ar un proyecto nacional\ny popular que nos har\u00e1 crecer como pueblo\u201d, finaliz\u00f3.&nbsp;<\/p>\n","protected":false},"excerpt":{"rendered":"<p>La diputada provincial Margarita Batista resalt\u00f3 que la del domingo \u201cfue una jornada que se desarroll\u00f3 muy bien\u201d, comentando que \u201cestuve a cargo de una escuela en el barrio San Juan Bautista y todo empez\u00f3 normalmente, a las 8 horas, sin dificultades, trabajando todas las mesas sin problemas\u201d. Consultada respecto del acuerdo federal que convinieron [&hellip;]<\/p>\n","protected":false},"author":11,"featured_media":38543,"comment_status":"open","ping_status":"open","sticky":false,"template":"","format":"standard","meta":{"footnotes":""},"categories":[2],"tags":[],"class_list":["post-38534","post","type-post","status-publish","format-standard","has-post-thumbnail","hentry","category-locales"],"_links":{"self":[{"href":"http:\/\/informeformosa.com.ar\/index.php?rest_route=\/wp\/v2\/posts\/38534","targetHints":{"allow":["GET"]}}],"collection":[{"href":"http:\/\/informeformosa.com.ar\/index.php?rest_route=\/wp\/v2\/posts"}],"about":[{"href":"http:\/\/informeformosa.com.ar\/index.php?rest_route=\/wp\/v2\/types\/post"}],"author":[{"embeddable":true,"href":"http:\/\/informeformosa.com.ar\/index.php?rest_route=\/wp\/v2\/users\/11"}],"replies":[{"embeddable":true,"href":"http:\/\/informeformosa.com.ar\/index.php?rest_route=%2Fwp%2Fv2%2Fcomments&post=38534"}],"version-history":[{"count":1,"href":"http:\/\/informeformosa.com.ar\/index.php?rest_route=\/wp\/v2\/posts\/38534\/revisions"}],"predecessor-version":[{"id":38544,"href":"http:\/\/informeformosa.com.ar\/index.php?rest_route=\/wp\/v2\/posts\/38534\/revisions\/38544"}],"wp:featuredmedia":[{"embeddable":true,"href":"http:\/\/informeformosa.com.ar\/index.php?rest_route=\/wp\/v2\/media\/38543"}],"wp:attachment":[{"href":"http:\/\/informeformosa.com.ar\/index.php?rest_route=%2Fwp%2Fv2%2Fmedia&parent=38534"}],"wp:term":[{"taxonomy":"category","embeddable":true,"href":"http:\/\/informeformosa.com.ar\/index.php?rest_route=%2Fwp%2Fv2%2Fcategories&post=38534"},{"taxonomy":"post_tag","embeddable":true,"href":"http:\/\/informeformosa.com.ar\/index.php?rest_route=%2Fwp%2Fv2%2Ftags&post=38534"}],"curies":[{"name":"wp","href":"https:\/\/api.w.org\/{rel}","templated":true}]}}