{"id":38529,"date":"2019-08-11T14:19:53","date_gmt":"2019-08-11T17:19:53","guid":{"rendered":"http:\/\/informeformosa.com.ar\/?p=38529"},"modified":"2019-08-11T14:20:19","modified_gmt":"2019-08-11T17:20:19","slug":"insfran-voto-y-renovo-reclamos-a-nacion","status":"publish","type":"post","link":"http:\/\/informeformosa.com.ar\/?p=38529","title":{"rendered":"Insfr\u00e1n voto y renov\u00f3 reclamos a Naci\u00f3n"},"content":{"rendered":"\n<p>El gobernador Gildo Insfr\u00e1n voto en la mesa 677 de la Escuela de Frontera 6 \u00abJos\u00e9 Hern\u00e1ndez\u00bb de su localidad natal, Laguna Blanca, distante a unos 130 kil\u00f3metros al norte de la ciudad capital. Lo hizo pasadas las 9.30 horas de este domingo, acompa\u00f1ado por sus hermanos Carlos y Johnny y el intendente lagunense Ricardo Lemos, y sufrag\u00f3 en el aula donde curso el segundo grado, recordando a su maestra de entonces, una cordobesa Gloria Elena Cabezas de Duarte.<\/p>\n\n\n\n<p>En un marco de permanentes demostraciones de afecto, destaco que la jornada se prestaba para participar activamente del acto comicial, que valoro pueda realizarse. De todos modos acent\u00fao que de los informes recibidos a esa hora de la ma\u00f1ana se estaba votando con \u201cabsoluta normalidad\u201d en toda la provincia, y el d\u00eda anterior se advert\u00eda de que hab\u00edan llegado muy pocas boletas del FdT junto a las urnas, pero confiaba en que no habr\u00eda inconvenientes merced a la tarea de los fiscales.<\/p>\n\n\n\n<p>Para Insfr\u00e1n \u201ctoda elecci\u00f3n es importante porque se produce la expresi\u00f3n del pueblo y, en estas PASO para que los candidatos que puedan tener posibilidades se pongan a consideraci\u00f3n de la ciudadan\u00eda. Nosotros tenemos lista \u00fanica, pero en otros partidos deben dirimir en estas elecciones a su candidato para las elecciones del 27 de octubre, y al mismo tiempo maraca una tendencia para estos comicios\u201d.<\/p>\n\n\n\n<p>\u201cEl pueblo argentino quiere expresarse, lo har\u00e1 en forma democr\u00e1tica y pac\u00edfica, aun ante la dif\u00edcil situaci\u00f3n que se est\u00e1 viviendo\u201d, sostuvo.<\/p>\n\n\n\n<p>Dijo que \u201cdiferentes espacios pol\u00edticos han exteriorizado sus cr\u00edticas a todo el sistema de digitalizaci\u00f3n de los telegramas de la votaci\u00f3n a trav\u00e9s de la firma Smartmatic, lo propio que la jueza (Mar\u00eda Romilda) Servini de Cubr\u00eda que por algo nombro veedores. No tengo una confianza absoluta porque en otros pa\u00edses demostr\u00f3 que fracaso, por lo exhorto a \u201cestar muy atentos\u201d.&nbsp;&nbsp;<\/p>\n\n\n\n<p>Confirmo que como lo hac\u00eda siempre, retornaba a la ciudad capital a esperar los resultados, al tiempo de sonre\u00edr porque una fiscal expuso alg\u00fan tiempo de reparo cuando iba a votar por \u201cchicanas propias de pueblos\u201d, que opino son \u201ccosas que ocurren, pero el voto est\u00e1 adentro y puede seguir protestando\u201d.<\/p>\n\n\n\n<p>Saludo a los ingenieros zootecnistas en su d\u00eda, casi coincidente con su alegr\u00eda por un&nbsp;&nbsp;nuevo egresado (el sexto) de la carrera de ingenier\u00eda en Producci\u00f3n Agropecuaria del Instituto Universitario de Formosa, hijo de una familia de peque\u00f1os productores que ahora tienen la universidad en las puertas de sus chacras. \u201cSe est\u00e1 formando en la educaci\u00f3n p\u00fablica a los formose\u00f1os que seguir\u00e1n el camino que este proyecto pol\u00edtico inicio, por eso hoy uno ve j\u00f3venes en el campo, demostrando que cuando tienen igualdad de posibilidades se quedan en su pueblo\u201d, destaco.<\/p>\n\n\n\n<p>\u201cEn esa misma l\u00ednea se expres\u00f3 nuestro candidato a presidente Alberto Fern\u00e1ndez,&nbsp;&nbsp;su prop\u00f3sito de trabajar por un pa\u00eds federal junto a los gobernadores y que cada argentino nazca donde nazca tenga posibilidades de desarrollarse, algo que venimos haciendo desde mucho tiempo en toda la provincia. Ya firmamos un acto gen\u00e9rico, pero en nuestro caso est\u00e1 inserto el modelo formose\u00f1o\u201d, subrayo.<\/p>\n\n\n\n<p>Renov\u00f3 su postura de reunirse todas las veces que sea necesario con el Gobierno de la Naci\u00f3n por el reclamo del derogado Fondo Sojero, aunque dijo que hacerlo no \u201cconlleva a ning\u00fan resultado, son tan mentirosos\u201d, reprocho. \u201cEsta el reclamo en la justicia que entiendo despu\u00e9s de las elecciones debe expedirse, lo que hizo el presidente es inconstitucional, lo mismo que con otros tantos DNU que saco con el Congreso en pleno funcionamiento y nos quit\u00f3 a las provincias y municipios muchos millones de pesos\u201d, concluyo el gobernador.<\/p>\n","protected":false},"excerpt":{"rendered":"<p>El gobernador Gildo Insfr\u00e1n voto en la mesa 677 de la Escuela de Frontera 6 \u00abJos\u00e9 Hern\u00e1ndez\u00bb de su localidad natal, Laguna Blanca, distante a unos 130 kil\u00f3metros al norte de la ciudad capital. Lo hizo pasadas las 9.30 horas de este domingo, acompa\u00f1ado por sus hermanos Carlos y Johnny y el intendente lagunense Ricardo [&hellip;]<\/p>\n","protected":false},"author":11,"featured_media":38530,"comment_status":"open","ping_status":"open","sticky":false,"template":"","format":"standard","meta":{"footnotes":""},"categories":[21],"tags":[],"class_list":["post-38529","post","type-post","status-publish","format-standard","has-post-thumbnail","hentry","category-provinciales"],"_links":{"self":[{"href":"http:\/\/informeformosa.com.ar\/index.php?rest_route=\/wp\/v2\/posts\/38529","targetHints":{"allow":["GET"]}}],"collection":[{"href":"http:\/\/informeformosa.com.ar\/index.php?rest_route=\/wp\/v2\/posts"}],"about":[{"href":"http:\/\/informeformosa.com.ar\/index.php?rest_route=\/wp\/v2\/types\/post"}],"author":[{"embeddable":true,"href":"http:\/\/informeformosa.com.ar\/index.php?rest_route=\/wp\/v2\/users\/11"}],"replies":[{"embeddable":true,"href":"http:\/\/informeformosa.com.ar\/index.php?rest_route=%2Fwp%2Fv2%2Fcomments&post=38529"}],"version-history":[{"count":1,"href":"http:\/\/informeformosa.com.ar\/index.php?rest_route=\/wp\/v2\/posts\/38529\/revisions"}],"predecessor-version":[{"id":38531,"href":"http:\/\/informeformosa.com.ar\/index.php?rest_route=\/wp\/v2\/posts\/38529\/revisions\/38531"}],"wp:featuredmedia":[{"embeddable":true,"href":"http:\/\/informeformosa.com.ar\/index.php?rest_route=\/wp\/v2\/media\/38530"}],"wp:attachment":[{"href":"http:\/\/informeformosa.com.ar\/index.php?rest_route=%2Fwp%2Fv2%2Fmedia&parent=38529"}],"wp:term":[{"taxonomy":"category","embeddable":true,"href":"http:\/\/informeformosa.com.ar\/index.php?rest_route=%2Fwp%2Fv2%2Fcategories&post=38529"},{"taxonomy":"post_tag","embeddable":true,"href":"http:\/\/informeformosa.com.ar\/index.php?rest_route=%2Fwp%2Fv2%2Ftags&post=38529"}],"curies":[{"name":"wp","href":"https:\/\/api.w.org\/{rel}","templated":true}]}}