{"id":38519,"date":"2019-08-09T20:29:53","date_gmt":"2019-08-09T23:29:53","guid":{"rendered":"http:\/\/informeformosa.com.ar\/?p=38519"},"modified":"2019-08-09T20:29:57","modified_gmt":"2019-08-09T23:29:57","slug":"el-reportero-grafico-ramon-maldonado-presento-libro-sobre-el-banado-la-estrella","status":"publish","type":"post","link":"http:\/\/informeformosa.com.ar\/?p=38519","title":{"rendered":"El reportero gr\u00e1fico Ram\u00f3n Maldonado present\u00f3 libro sobre el Ba\u00f1ado La Estrella"},"content":{"rendered":"\n<p>El prestigioso reportero gr\u00e1fico Ram\u00f3n Maldonado realiz\u00f3\nla presentaci\u00f3n de su libro \u00abBa\u00f1ado La Estrella Una Maravilla Natural de\nla Argentina\u00bb. El mismo presenta a trav\u00e9s de fotograf\u00edas la gran\nbiodiversidad de la provincia y en especial del humedal en toda su dimensi\u00f3n.<\/p>\n\n\n\n<p>Estuvieron en la presentaci\u00f3n el ministro de Econom\u00eda,\nHacienda y Finanzas Dr. Jorge Ib\u00e1\u00f1ez, el Diputado Nacional Lic. Ramiro\nFern\u00e1ndez Patri, el Subsecretario de Cultura Prof. Alfredo Jara, el Secretario\nde Ciencia y Tecnolog\u00eda Ing. Julio Ren\u00e9 Araoz y Autoridades de Instituciones\nNacionales y Provinciales.<\/p>\n\n\n\n<p>El reportero gr\u00e1fico, con una gran trayectoria en\nfotograf\u00eda period\u00edstica y de naturaleza, expres\u00f3 palabras de agradecimiento a\ntodos los que hicieron posibles la realizaci\u00f3n de este libro, el cual no\nconsidera un libro suyo, sino un patrimonio de todos aquellos que fueron su\ncompa\u00f1\u00eda en los a\u00f1os de trabajo.&nbsp; <\/p>\n\n\n\n<p>En su mensaje, Ram\u00f3n Maldonado indic\u00f3 que: \u00abGracias\na la fotograf\u00eda pude recorrer toda la Provincia de Formosa, de norte a sur y de\neste a oeste, he tenido la oportunidad de conocer cada rinc\u00f3n de la Provincia.\nY en este recorrer, conoc\u00ed por primera el Ba\u00f1ado La Estrella y fue en ese\nmomento donde se produjo el flechazo, empec\u00e9 a observar toda la belleza que\ntiene y es impresionante, a trav\u00e9s de un libro no se puede expresar lo que es\nen su totalidad, hay que sentirlo, hay que vivirlo\u00bb. <\/p>\n\n\n\n<p>Expres\u00f3 tambi\u00e9n un agradecimiento por el\nacondicionamiento que existe para llegar al lugar, dado que hay rutas en buenas\ncondiciones, que permiten llegar al lugar sin ning\u00fan problema. Indic\u00f3 que estas\nobras de gran envergadura, han posibilitado el acceso e ese lugar tan hermoso\nsin ning\u00fan problema.<\/p>\n\n\n\n<p>En declaraciones a la prensa, el Diputado Nacional Lic.\nRamiro Fern\u00e1ndez Patri remarc\u00f3 que \u201cesta producci\u00f3n fotogr\u00e1fica in\u00e9dita que se\npresenta a la comunidad formose\u00f1a y al mundo, constituye un material de\ndifusi\u00f3n y promoci\u00f3n del territorio provincial, pero fundamentalmente de\ncuidado del ambiente que ha tenido el Gobierno de la Provincia de Formosa en su\nestrategia de desarrollo productivo\u201d.<\/p>\n\n\n\n<p>En un sencillo acto se realiz\u00f3 tambi\u00e9n la entrega de un\nejemplar del libro a cada una de las autoridades presentes y el momento emotivo\nde esta presentaci\u00f3n tuvo su lugar con el abrazo de Ram\u00f3n Maldonado y el\nprestador tur\u00edstico de la localidad de Fort\u00edn Soledad, Don Francisco\n\u00abChilo\u00bb&nbsp; Ruiz, puesto que el mismo es un compa\u00f1ero incondicional\nque lo acompa\u00f1\u00f3 en todos sus recorridos, cuando realizaba las capturas\nfotogr\u00e1ficas.<\/p>\n\n\n\n<p>Este libro constituye una valiosa gu\u00eda para todos\naquellos que quieren conocer personalmente esta maravilla natural de la\nArgentina y que es un orgullo para todos los formose\u00f1os.<\/p>\n","protected":false},"excerpt":{"rendered":"<p>El prestigioso reportero gr\u00e1fico Ram\u00f3n Maldonado realiz\u00f3 la presentaci\u00f3n de su libro \u00abBa\u00f1ado La Estrella Una Maravilla Natural de la Argentina\u00bb. El mismo presenta a trav\u00e9s de fotograf\u00edas la gran biodiversidad de la provincia y en especial del humedal en toda su dimensi\u00f3n. Estuvieron en la presentaci\u00f3n el ministro de Econom\u00eda, Hacienda y Finanzas Dr. [&hellip;]<\/p>\n","protected":false},"author":11,"featured_media":38523,"comment_status":"open","ping_status":"open","sticky":false,"template":"","format":"standard","meta":{"footnotes":""},"categories":[10],"tags":[],"class_list":["post-38519","post","type-post","status-publish","format-standard","has-post-thumbnail","hentry","category-cultura"],"_links":{"self":[{"href":"http:\/\/informeformosa.com.ar\/index.php?rest_route=\/wp\/v2\/posts\/38519","targetHints":{"allow":["GET"]}}],"collection":[{"href":"http:\/\/informeformosa.com.ar\/index.php?rest_route=\/wp\/v2\/posts"}],"about":[{"href":"http:\/\/informeformosa.com.ar\/index.php?rest_route=\/wp\/v2\/types\/post"}],"author":[{"embeddable":true,"href":"http:\/\/informeformosa.com.ar\/index.php?rest_route=\/wp\/v2\/users\/11"}],"replies":[{"embeddable":true,"href":"http:\/\/informeformosa.com.ar\/index.php?rest_route=%2Fwp%2Fv2%2Fcomments&post=38519"}],"version-history":[{"count":1,"href":"http:\/\/informeformosa.com.ar\/index.php?rest_route=\/wp\/v2\/posts\/38519\/revisions"}],"predecessor-version":[{"id":38524,"href":"http:\/\/informeformosa.com.ar\/index.php?rest_route=\/wp\/v2\/posts\/38519\/revisions\/38524"}],"wp:featuredmedia":[{"embeddable":true,"href":"http:\/\/informeformosa.com.ar\/index.php?rest_route=\/wp\/v2\/media\/38523"}],"wp:attachment":[{"href":"http:\/\/informeformosa.com.ar\/index.php?rest_route=%2Fwp%2Fv2%2Fmedia&parent=38519"}],"wp:term":[{"taxonomy":"category","embeddable":true,"href":"http:\/\/informeformosa.com.ar\/index.php?rest_route=%2Fwp%2Fv2%2Fcategories&post=38519"},{"taxonomy":"post_tag","embeddable":true,"href":"http:\/\/informeformosa.com.ar\/index.php?rest_route=%2Fwp%2Fv2%2Ftags&post=38519"}],"curies":[{"name":"wp","href":"https:\/\/api.w.org\/{rel}","templated":true}]}}