{"id":38506,"date":"2019-08-09T19:55:25","date_gmt":"2019-08-09T22:55:25","guid":{"rendered":"http:\/\/informeformosa.com.ar\/?p=38506"},"modified":"2019-08-09T19:55:30","modified_gmt":"2019-08-09T22:55:30","slug":"formosa-en-conferencia-del-cambio-climatico","status":"publish","type":"post","link":"http:\/\/informeformosa.com.ar\/?p=38506","title":{"rendered":"Formosa en conferencia del cambio clim\u00e1tico"},"content":{"rendered":"\n<p>El\nsubsecretario de Recursos Naturales, Ordenamiento y Calidad Ambiental, el\ndoctor Hugo Bay, represent\u00f3 a la provincia de Formosa en la Pre COP\n(Conferencias de las Partes), un importante encuentro sobre el cambio\nclim\u00e1tico, que tuvo lugar recientemente en la ciudad de C\u00f3rdoba.<\/p>\n\n\n\n<p>\u00abDurante\ntres d\u00edas se realiz\u00f3 en la ciudad de C\u00f3rdoba un encuentro organizado por la\nLiga de las Provincias por el Cambio Clim\u00e1tico, preparatorio de la COP 25 que\nse realizar\u00e1 en Santiago de Chile en el mes de diciembre\u00bb, explic\u00f3.<\/p>\n\n\n\n<p>Precis\u00f3\nque las COP son las Conferencias de las Partes que se realizan en materia de\ncambio clim\u00e1tico. Las Naciones Unidas vienen organizando estos encuentros hace\n24 a\u00f1os y all\u00ed se convoca a los estados para que participen de estas COP. Se\nre\u00fanen unos 20 mil delegados cada a\u00f1o y discuten seg\u00fan los intereses de los\nestados a los cuales ellos pertenecen durante 20 d\u00edas.<\/p>\n\n\n\n<p>\u00abEn\nla cuesti\u00f3n entran no s\u00f3lo los Gobiernos nacionales, sino tambi\u00e9n estados sub-nacionales\nque vendr\u00edan a ser los Gobiernos provinciales y los Municipios, como as\u00ed\ntambi\u00e9n los otros actores vinculados a este tema como el sector empresarial, la\nsociedad civil, etc\u00e9tera\u00bb, refiri\u00f3 el funcionario.<\/p>\n\n\n\n<p>En\ncada una de las mesas que trabajaron durante estos tres d\u00edas de deliberaciones\nse lleg\u00f3 a conclusiones que fueron incorporadas a la declaraci\u00f3n final.<\/p>\n\n\n\n<p><strong>Planteo\npor \u00abfondos verdes\u00bb<\/strong><\/p>\n\n\n\n<p>Hizo\nnotar Bay que \u00abm\u00e1s all\u00e1 del tema del cambio clim\u00e1tico, donde no hay\nmayores diferencias porque est\u00e1n muy claras las medidas que hay que llevar\nadelante, en lo que a nosotros respecta y nos interesa much\u00edsimo es que a\npartir del a\u00f1o 2020 se va a empezar a producir la utilizaci\u00f3n de los &#8216;fondos\nverdes&#8217;, que son 100 mil millones de d\u00f3lares al a\u00f1o destinados a cuestiones\nvinculadas al cambio clim\u00e1tico, tanto a investigaci\u00f3n como a adaptaci\u00f3n\u00bb.<\/p>\n\n\n\n<p>Remarc\u00f3\nque esta \u00faltima cuesti\u00f3n implica obras de adaptaci\u00f3n al cambio clim\u00e1tico, por\nlo cual \u00abuna de las cuestiones que nosotros presentamos desde esta liga\nque conformamos las provincias fue que como esos fondos se bajan desde los\nGobiernos nacionales planteamos que se debe producir un nuevo enfoque respecto\nde la manera en que se deben distribuir los mismos\u00bb.<\/p>\n\n\n\n<p>En\ntal sentido, esboz\u00f3 que \u00abdebe ser de una manera m\u00e1s directa en la que se\ninvolucre a las provincias y Municipios en relaci\u00f3n a proyectos que surjan de\nlos Gobiernos subnacionales y de la propia sociedad civil, sin tener que depender\nde la Naci\u00f3n\u00bb.<\/p>\n\n\n\n<p>\u00abPlanteamos\nque se debe hacer un reparto m\u00e1s federal y din\u00e1mico y, fundamentalmente, que\ntome en cuenta los proyectos que surjan desde lo local y de la gente que\ntrabaja en el territorio y conoce el lugar\u00bb, abund\u00f3.<\/p>\n\n\n\n<p>Por\n\u00faltimo, enfatiz\u00f3 que \u00abestamos trabajando en el tema y vamos a llevar la\nlucha de este planteo al seno de la reuni\u00f3n internacional con todos los pa\u00edses\nque se realizar\u00e1 en el mes de diciembre en Chile\u00bb.&nbsp;<\/p>\n","protected":false},"excerpt":{"rendered":"<p>El subsecretario de Recursos Naturales, Ordenamiento y Calidad Ambiental, el doctor Hugo Bay, represent\u00f3 a la provincia de Formosa en la Pre COP (Conferencias de las Partes), un importante encuentro sobre el cambio clim\u00e1tico, que tuvo lugar recientemente en la ciudad de C\u00f3rdoba. \u00abDurante tres d\u00edas se realiz\u00f3 en la ciudad de C\u00f3rdoba un encuentro [&hellip;]<\/p>\n","protected":false},"author":11,"featured_media":36533,"comment_status":"open","ping_status":"open","sticky":false,"template":"","format":"standard","meta":{"footnotes":""},"categories":[2],"tags":[],"class_list":["post-38506","post","type-post","status-publish","format-standard","has-post-thumbnail","hentry","category-locales"],"_links":{"self":[{"href":"http:\/\/informeformosa.com.ar\/index.php?rest_route=\/wp\/v2\/posts\/38506","targetHints":{"allow":["GET"]}}],"collection":[{"href":"http:\/\/informeformosa.com.ar\/index.php?rest_route=\/wp\/v2\/posts"}],"about":[{"href":"http:\/\/informeformosa.com.ar\/index.php?rest_route=\/wp\/v2\/types\/post"}],"author":[{"embeddable":true,"href":"http:\/\/informeformosa.com.ar\/index.php?rest_route=\/wp\/v2\/users\/11"}],"replies":[{"embeddable":true,"href":"http:\/\/informeformosa.com.ar\/index.php?rest_route=%2Fwp%2Fv2%2Fcomments&post=38506"}],"version-history":[{"count":1,"href":"http:\/\/informeformosa.com.ar\/index.php?rest_route=\/wp\/v2\/posts\/38506\/revisions"}],"predecessor-version":[{"id":38507,"href":"http:\/\/informeformosa.com.ar\/index.php?rest_route=\/wp\/v2\/posts\/38506\/revisions\/38507"}],"wp:featuredmedia":[{"embeddable":true,"href":"http:\/\/informeformosa.com.ar\/index.php?rest_route=\/wp\/v2\/media\/36533"}],"wp:attachment":[{"href":"http:\/\/informeformosa.com.ar\/index.php?rest_route=%2Fwp%2Fv2%2Fmedia&parent=38506"}],"wp:term":[{"taxonomy":"category","embeddable":true,"href":"http:\/\/informeformosa.com.ar\/index.php?rest_route=%2Fwp%2Fv2%2Fcategories&post=38506"},{"taxonomy":"post_tag","embeddable":true,"href":"http:\/\/informeformosa.com.ar\/index.php?rest_route=%2Fwp%2Fv2%2Ftags&post=38506"}],"curies":[{"name":"wp","href":"https:\/\/api.w.org\/{rel}","templated":true}]}}