{"id":38502,"date":"2019-08-09T20:15:30","date_gmt":"2019-08-09T23:15:30","guid":{"rendered":"http:\/\/informeformosa.com.ar\/?p=38502"},"modified":"2019-08-09T20:15:32","modified_gmt":"2019-08-09T23:15:32","slug":"el-espacio-amigable-capacita-en-abordaje-integral-del-adolescente","status":"publish","type":"post","link":"http:\/\/informeformosa.com.ar\/?p=38502","title":{"rendered":"El \u201cEspacio amigable\u201d capacita en abordaje integral del adolescente"},"content":{"rendered":"\n<p>Con\nel continuo objetivo de mejorar constantemente las atenciones brindadas a la\ncomunidad, el equipo de salud del hospital D\u00eda 2 de Abril recibi\u00f3 una nueva\ncapacitaci\u00f3n destinada al abordaje de problem\u00e1ticas adolescentes.<\/p>\n\n\n\n<p>La\nmisma estuvo a cargo de referentes del Centro de Adolescencia \u201cEspacio\namigable\u201d dependiente del ministerio de Desarrollo de Humano provincial,\ndedicado a la atenci\u00f3n de m\u00faltiples situaciones que atraviesan los adolescentes\nen el contexto actual.<\/p>\n\n\n\n<p>La\njornada formativa permiti\u00f3 que psic\u00f3logos, pediatras, m\u00e9dicos cl\u00ednicos,\nnutricionistas, odont\u00f3logos, obstetras, enfermeros, asistentes sociales y otros\nprofesionales que se desempe\u00f1an en el hospital D\u00eda 2 de Abril ampl\u00eden\u201cEspacio\namigable\u201d \u201cEspacio amigable\u201d &nbsp;sus\nconocimientos ya&nbsp; adquiridos e incorporen\notra serie de saberes que apuntan a dar al adolescente un tratamiento integral\nrespecto a tem\u00e1ticas estrechamente vinculadas a estas edades.<\/p>\n\n\n\n<p>\u201cEn\nla actualidad surgen habitualmente se acercan a nuestro efector adolescentes\nque transitan diversas situaciones que presentan de manera recurrente.\nArticulando con el Centro de Adolescencia, nuestra idea es disponer un\nconsultorio donde este grupo etario pueda recurrir a realizar su consulta con\nplena confianza, sabiendo que siempre estar\u00e1 un profesional disponible para\ndarle la mejor respuesta\u201d, coment\u00f3 la directora del hospital D\u00eda 2 de Abril,\ndoctora Viviana Guzm\u00e1n.<\/p>\n\n\n\n<p>Al\nrespecto se\u00f1al\u00f3 que un ni\u00f1o de entre 10 y 12 a\u00f1os \u201cya lo consideramos como un\npre adolescente\u201d y desde ah\u00ed hasta aproximadamente los 18 a\u00f1os. Y a\u00f1adi\u00f3 que\n\u201cEstos tiempos requieren&nbsp; que estemos\ncapacitados adecuadamente para hablar con ellos de cuestiones frecuentes en\nesta edad como: cambios f\u00edsicos, ps\u00edquicos y emocionales; sexualidad, prevenci\u00f3n\nde enfermedades de transmisi\u00f3n sexual y de embarazos no planificados,\nanticonceptivos, uso del preservativo\u201d.<\/p>\n\n\n\n<p>\u201cPero\ntambi\u00e9n\u201d \u2013sostuvo- \u201cse presentan ellos viven otros problemas familiares y\nsociales que quiz\u00e1 los adultos no nos damos cuenta o no le damos la importancia\nnecesaria, pero que a ellos los afecta seriamente como por ejemplo: adicciones,\n&nbsp;bulling, identidad de g\u00e9nero, bulimia,\nanorexia. Es necesario tratarlos debidamente, mediante un equipo de salud\ninterdisciplinario\u201d, afirm\u00f3.<\/p>\n\n\n\n<p>Guzm\u00e1n\nexplic\u00f3 que la capacitaci\u00f3n tiene adem\u00e1s la finalidad de instalar &nbsp;\u201cun consultorio propio de espacio amigable\u201d\ndesde el cual se capten, realicen las atenciones y el seguimiento a los\npacientes de estas edades que est\u00e9n pasando por estos problemas \u201cgenerando en\nellos un espacio en el que puedan expresarse con confianza, libertad y\nseguridad\u201d. <\/p>\n\n\n\n<p>\u201cA\npartir de ah\u00ed\u201d \u2013concluy\u00f3- \u201cTrabajar en conjunto, articulando con el Centro de\nAdolescencia para derivar los casos que requieran un atenci\u00f3n m\u00e1s especializada\ny que desde ah\u00ed a su vez, el equipo haga la contrareferencia para que aqu\u00ed en\nel efector continuemos el seguimiento integral para ayudar a los chicos a\nresolver los conflictos que se presentan\u201d.<\/p>\n","protected":false},"excerpt":{"rendered":"<p>Con el continuo objetivo de mejorar constantemente las atenciones brindadas a la comunidad, el equipo de salud del hospital D\u00eda 2 de Abril recibi\u00f3 una nueva capacitaci\u00f3n destinada al abordaje de problem\u00e1ticas adolescentes. La misma estuvo a cargo de referentes del Centro de Adolescencia \u201cEspacio amigable\u201d dependiente del ministerio de Desarrollo de Humano provincial, dedicado [&hellip;]<\/p>\n","protected":false},"author":11,"featured_media":38512,"comment_status":"open","ping_status":"open","sticky":false,"template":"","format":"standard","meta":{"footnotes":""},"categories":[12],"tags":[],"class_list":["post-38502","post","type-post","status-publish","format-standard","has-post-thumbnail","hentry","category-salud"],"_links":{"self":[{"href":"http:\/\/informeformosa.com.ar\/index.php?rest_route=\/wp\/v2\/posts\/38502","targetHints":{"allow":["GET"]}}],"collection":[{"href":"http:\/\/informeformosa.com.ar\/index.php?rest_route=\/wp\/v2\/posts"}],"about":[{"href":"http:\/\/informeformosa.com.ar\/index.php?rest_route=\/wp\/v2\/types\/post"}],"author":[{"embeddable":true,"href":"http:\/\/informeformosa.com.ar\/index.php?rest_route=\/wp\/v2\/users\/11"}],"replies":[{"embeddable":true,"href":"http:\/\/informeformosa.com.ar\/index.php?rest_route=%2Fwp%2Fv2%2Fcomments&post=38502"}],"version-history":[{"count":1,"href":"http:\/\/informeformosa.com.ar\/index.php?rest_route=\/wp\/v2\/posts\/38502\/revisions"}],"predecessor-version":[{"id":38513,"href":"http:\/\/informeformosa.com.ar\/index.php?rest_route=\/wp\/v2\/posts\/38502\/revisions\/38513"}],"wp:featuredmedia":[{"embeddable":true,"href":"http:\/\/informeformosa.com.ar\/index.php?rest_route=\/wp\/v2\/media\/38512"}],"wp:attachment":[{"href":"http:\/\/informeformosa.com.ar\/index.php?rest_route=%2Fwp%2Fv2%2Fmedia&parent=38502"}],"wp:term":[{"taxonomy":"category","embeddable":true,"href":"http:\/\/informeformosa.com.ar\/index.php?rest_route=%2Fwp%2Fv2%2Fcategories&post=38502"},{"taxonomy":"post_tag","embeddable":true,"href":"http:\/\/informeformosa.com.ar\/index.php?rest_route=%2Fwp%2Fv2%2Ftags&post=38502"}],"curies":[{"name":"wp","href":"https:\/\/api.w.org\/{rel}","templated":true}]}}