{"id":38491,"date":"2019-08-09T19:36:25","date_gmt":"2019-08-09T22:36:25","guid":{"rendered":"http:\/\/informeformosa.com.ar\/?p=38491"},"modified":"2019-08-09T19:36:27","modified_gmt":"2019-08-09T22:36:27","slug":"atenciones-gratuitas-benefician-la-salud-de-comunidad-originaria","status":"publish","type":"post","link":"http:\/\/informeformosa.com.ar\/?p=38491","title":{"rendered":"Atenciones gratuitas benefician\t la salud de comunidad originaria"},"content":{"rendered":"\n<p>Un\nnuevo ministerio de agricultura&nbsp; para\npocos&nbsp; <\/p>\n\n\n\n<p>&nbsp;Desde&nbsp;\nla comisi\u00f3n directiva de la Federaci\u00f3n de Organizaci\u00f3n Nucleadas de la\nAgricultura Familiar (FONAF)&nbsp;\nadvirti\u00f3&nbsp; que con la&nbsp; creaci\u00f3n del&nbsp;\nnuevo Ministerio de Agricultura, Ganader\u00eda y Pesca de la Naci\u00f3n&nbsp; a trav\u00e9s del&nbsp;\nDecreto 532\/2019 se deja excluido a todo el sector de la Agricultura\nFamiliar , que no figura en ninguno de los 30 considerando del&nbsp; documento.<\/p>\n\n\n\n<p>La\nFederaci\u00f3n de Organizaciones Nucleadas de la Agricultura Familiar \u2013FONAF-&nbsp; denunci\u00f3&nbsp;\np\u00fablicamente el evidente plan sistem\u00e1tico de destrucci\u00f3n del mayor\nsector productivo&nbsp; quienes producen&nbsp; el 65%&nbsp;\nde los alimentos que consumen los argentinos.<\/p>\n\n\n\n<p>Detalla\nque este es el \u201csector productivo, que aporta d\u00eda a d\u00eda una diversidad de\nalimentos diferenciados y econ\u00f3micos, en cadenas cortas de abastecimiento,\npromotores de la soberan\u00eda alimentaria de las comunidades.&nbsp;&nbsp; <\/p>\n\n\n\n<p>&nbsp; La FONAF representa un movimiento rural que\nre\u00fane las bases sociales de la Agricultura Familiar.&nbsp; Se ha constituido adem\u00e1s en la representaci\u00f3n\nleg\u00edtima de la 5ta. Fuerza Agraria Nacional recuperando un espacio propio\nnegado a los peque\u00f1os agricultores y trabajadores rurales de la Naci\u00f3n a\nfin&nbsp; de fortalecer actores de \u201cun modelo\nagrario excluyente.\u201d<\/p>\n\n\n\n<p>&nbsp;Denuncia que la aplicaci\u00f3n de las acciones del\nactual Gobierno Nacional desde diciembre de 2015 se instrument\u00f3 en un \u201cevidente\nplan sistem\u00e1tico para retrotraer la recuperaci\u00f3n de derechos reivindicados y\nquitar del mapa a este actor clave de la creaci\u00f3n de una econom\u00eda agraria\nincluyente, desconcentrada y federal en Argentina.\u201d<\/p>\n\n\n\n<p>Puntualiza\nque \u201cel plan se evidencia en decisiones y acciones del actual gobierno tales\ncomo, la quita del&nbsp; financiamiento a\nproyectos aprobados,&nbsp; el desguace de\nestructuras&nbsp; operativas,&nbsp; el desmantelamiento de la Secretaria de\nAgricultura Familiar, el despido de m\u00e1s de 1200 t\u00e9cnicos el 80% de los\ntrabajadores de la SAF,&nbsp; incorporaci\u00f3n de\nfuncionarios ineptos, incompetentes e incapaces en funciones claves,&nbsp;&nbsp; la anulaci\u00f3n del Monotributo Social\nAgropecuario&nbsp; a costo cero, las acciones\nde desvirtuar y deformar&nbsp; el RENAF,&nbsp; el sesgado proyecto de reglamentaci\u00f3n de la\nLey de \u201cReparaci\u00f3n Hist\u00f3rica\u201d de la Agricultura Familiar que pretende\nimplementar el actual gobierno, desnaturalizando por completo el esp\u00edritu de la\nLey 27.118 de la que fuimos gestores e impulsores para su aprobaci\u00f3n.\u201d<\/p>\n\n\n\n<p>&nbsp;La denuncia pone en evidencia que&nbsp; la grandeza del pa\u00eds se construye\nfortaleciendo los sectores productivos y&nbsp;\nbrindando igualdad de oportunidades para todos,&nbsp; no excluyendo a las mayor\u00edas en beneficios de\nunos pocos.&nbsp; No con unos pocos grandes\nganaderos y&nbsp; sojeros destructores de\nbosques y contaminado el suelo y el agua, que&nbsp;\nse genera el desarrollo de un pa\u00eds, sino con hombres y mujeres que viven\ny trabajan la tierra, ocupando espacios amigables con el ambiente,&nbsp; haciendo uso de semillas&nbsp; no contaminante, dando&nbsp; trabajo a miles de productores\/as a lo largo\ny ancho del pa\u00eds para producir&nbsp; alimentos\nfrescos y sanos y comercializando&nbsp; sus\nproducto en el mercado local, regional y generando valor agregado.\u201d<\/p>\n\n\n\n<p>&nbsp; Finalmente sostiene&nbsp; esto demuestra ahora m\u00e1s que nunca la vigencia\nde la propuesta de FONAF para el pr\u00f3ximo Gobierno Nacional y Popular, la\ncreaci\u00f3n del Ministerio de Soberan\u00eda Alimentaria y Agricultura Familiar&nbsp;&nbsp; que incluya a m\u00e1s de 300.000 productores\nfamiliares produciendo alimento para el pueblo,&nbsp;\ngenerando trabajo genuino y desarrollo sustentable&nbsp; para el buen vivir&nbsp; de una patria libre justa y soberana<\/p>\n","protected":false},"excerpt":{"rendered":"<p>Un nuevo ministerio de agricultura&nbsp; para pocos&nbsp; &nbsp;Desde&nbsp; la comisi\u00f3n directiva de la Federaci\u00f3n de Organizaci\u00f3n Nucleadas de la Agricultura Familiar (FONAF)&nbsp; advirti\u00f3&nbsp; que con la&nbsp; creaci\u00f3n del&nbsp; nuevo Ministerio de Agricultura, Ganader\u00eda y Pesca de la Naci\u00f3n&nbsp; a trav\u00e9s del&nbsp; Decreto 532\/2019 se deja excluido a todo el sector de la Agricultura Familiar , [&hellip;]<\/p>\n","protected":false},"author":11,"featured_media":38498,"comment_status":"open","ping_status":"open","sticky":false,"template":"","format":"standard","meta":{"footnotes":""},"categories":[11,1],"tags":[],"class_list":["post-38491","post","type-post","status-publish","format-standard","has-post-thumbnail","hentry","category-interior","category-sin-categoria"],"_links":{"self":[{"href":"http:\/\/informeformosa.com.ar\/index.php?rest_route=\/wp\/v2\/posts\/38491","targetHints":{"allow":["GET"]}}],"collection":[{"href":"http:\/\/informeformosa.com.ar\/index.php?rest_route=\/wp\/v2\/posts"}],"about":[{"href":"http:\/\/informeformosa.com.ar\/index.php?rest_route=\/wp\/v2\/types\/post"}],"author":[{"embeddable":true,"href":"http:\/\/informeformosa.com.ar\/index.php?rest_route=\/wp\/v2\/users\/11"}],"replies":[{"embeddable":true,"href":"http:\/\/informeformosa.com.ar\/index.php?rest_route=%2Fwp%2Fv2%2Fcomments&post=38491"}],"version-history":[{"count":1,"href":"http:\/\/informeformosa.com.ar\/index.php?rest_route=\/wp\/v2\/posts\/38491\/revisions"}],"predecessor-version":[{"id":38499,"href":"http:\/\/informeformosa.com.ar\/index.php?rest_route=\/wp\/v2\/posts\/38491\/revisions\/38499"}],"wp:featuredmedia":[{"embeddable":true,"href":"http:\/\/informeformosa.com.ar\/index.php?rest_route=\/wp\/v2\/media\/38498"}],"wp:attachment":[{"href":"http:\/\/informeformosa.com.ar\/index.php?rest_route=%2Fwp%2Fv2%2Fmedia&parent=38491"}],"wp:term":[{"taxonomy":"category","embeddable":true,"href":"http:\/\/informeformosa.com.ar\/index.php?rest_route=%2Fwp%2Fv2%2Fcategories&post=38491"},{"taxonomy":"post_tag","embeddable":true,"href":"http:\/\/informeformosa.com.ar\/index.php?rest_route=%2Fwp%2Fv2%2Ftags&post=38491"}],"curies":[{"name":"wp","href":"https:\/\/api.w.org\/{rel}","templated":true}]}}