{"id":38466,"date":"2019-08-07T19:33:03","date_gmt":"2019-08-07T22:33:03","guid":{"rendered":"http:\/\/informeformosa.com.ar\/?p=38466"},"modified":"2019-08-07T19:33:03","modified_gmt":"2019-08-07T22:33:03","slug":"basterra-el-triunfo-en-las-urnas-del-gobernador-insfran-marca-el-camino","status":"publish","type":"post","link":"http:\/\/informeformosa.com.ar\/?p=38466","title":{"rendered":"Basterra: \u00abEl triunfo en las urnas del gobernador Insfr\u00e1n marca el camino\u00bb"},"content":{"rendered":"\n<p>Tras destacar \u00abla alegr\u00eda militante\ny el compromiso de los formose\u00f1os\u00bb, el precandidato a diputado nacional de\nFormosa por el Frente de Todos (FdT) Luis Basterra enfatiz\u00f3 que \u00abel\ntriunfo en las urnas del gobernador Gildo Insfr\u00e1n marca el camino para que\ntengamos los tres legisladores nacionales de nuestro espacio defendiendo\nFormosa\u00bb.<\/p>\n\n\n\n<p>As\u00ed lo subray\u00f3 al participar junto a los\notros precandidatos del FdT Graciela Parola y Agust\u00edn Samaniego de un gran\nencuentro que llev\u00f3 a cabo el Movimiento Evita en el Club San Lorenzo. En ese\ncontexto puso en valor \u00abla alegr\u00eda militante y el compromiso de los\nformose\u00f1os con una lucha que no es personal, sino colectiva, as\u00ed como se\ndesarrolla en Formosa\u00bb.<\/p>\n\n\n\n<p>\u00abSomos todos solidarios y sabemos\nque el triunfo en las urnas del gobernador Insfr\u00e1n marca el camino para que\ntengamos los tres diputados nacionales de nuestro espacio defendiendo\nFormosa\u00bb, hizo notar el actual diputado nacional que busca renovar su\nmandato en las elecciones PASO del pr\u00f3ximo domingo.<\/p>\n\n\n\n<p>Total apoyo<\/p>\n\n\n\n<p>Por otra parte, los vecinos de la\nJurisdicci\u00f3n 1 de la ciudad capital recibieron a los precandidatos del FdT, a\nquienes les manifestaron su total apoyo.<\/p>\n\n\n\n<p>Graciela Parola, precandidata en segundo\nt\u00e9rmino de la lista del Frente de Todos, enfatiz\u00f3 que de cara a los comicios\ndel domingo \u00aben Formosa las expectativas y las sensaciones son positivas\nporque ya tuvimos el 16 de junio pasado una experiencia, donde los compa\u00f1eros y\ncompa\u00f1eras han apoyado al Modelo Formose\u00f1o, as\u00ed que vamos en el camino\ncorrecto\u00bb.<\/p>\n\n\n\n<p>\u00abSomos conscientes de lo que este\nGobierno Nacional le ha hecho a Formosa, del da\u00f1o que los representantes de la\noposici\u00f3n le han hecho a nuestra provincia y ahora tenemos la oportunidad de\nelegir a los representantes que realmente se ocupen de los intereses del\npueblo\u00bb, asegur\u00f3. <\/p>\n","protected":false},"excerpt":{"rendered":"<p>Tras destacar \u00abla alegr\u00eda militante y el compromiso de los formose\u00f1os\u00bb, el precandidato a diputado nacional de Formosa por el Frente de Todos (FdT) Luis Basterra enfatiz\u00f3 que \u00abel triunfo en las urnas del gobernador Gildo Insfr\u00e1n marca el camino para que tengamos los tres legisladores nacionales de nuestro espacio defendiendo Formosa\u00bb. As\u00ed lo subray\u00f3 [&hellip;]<\/p>\n","protected":false},"author":11,"featured_media":38398,"comment_status":"open","ping_status":"open","sticky":false,"template":"","format":"standard","meta":{"footnotes":""},"categories":[3],"tags":[],"class_list":["post-38466","post","type-post","status-publish","format-standard","has-post-thumbnail","hentry","category-politica-y-economia"],"_links":{"self":[{"href":"http:\/\/informeformosa.com.ar\/index.php?rest_route=\/wp\/v2\/posts\/38466","targetHints":{"allow":["GET"]}}],"collection":[{"href":"http:\/\/informeformosa.com.ar\/index.php?rest_route=\/wp\/v2\/posts"}],"about":[{"href":"http:\/\/informeformosa.com.ar\/index.php?rest_route=\/wp\/v2\/types\/post"}],"author":[{"embeddable":true,"href":"http:\/\/informeformosa.com.ar\/index.php?rest_route=\/wp\/v2\/users\/11"}],"replies":[{"embeddable":true,"href":"http:\/\/informeformosa.com.ar\/index.php?rest_route=%2Fwp%2Fv2%2Fcomments&post=38466"}],"version-history":[{"count":1,"href":"http:\/\/informeformosa.com.ar\/index.php?rest_route=\/wp\/v2\/posts\/38466\/revisions"}],"predecessor-version":[{"id":38470,"href":"http:\/\/informeformosa.com.ar\/index.php?rest_route=\/wp\/v2\/posts\/38466\/revisions\/38470"}],"wp:featuredmedia":[{"embeddable":true,"href":"http:\/\/informeformosa.com.ar\/index.php?rest_route=\/wp\/v2\/media\/38398"}],"wp:attachment":[{"href":"http:\/\/informeformosa.com.ar\/index.php?rest_route=%2Fwp%2Fv2%2Fmedia&parent=38466"}],"wp:term":[{"taxonomy":"category","embeddable":true,"href":"http:\/\/informeformosa.com.ar\/index.php?rest_route=%2Fwp%2Fv2%2Fcategories&post=38466"},{"taxonomy":"post_tag","embeddable":true,"href":"http:\/\/informeformosa.com.ar\/index.php?rest_route=%2Fwp%2Fv2%2Ftags&post=38466"}],"curies":[{"name":"wp","href":"https:\/\/api.w.org\/{rel}","templated":true}]}}