{"id":38464,"date":"2019-08-07T19:40:29","date_gmt":"2019-08-07T22:40:29","guid":{"rendered":"http:\/\/informeformosa.com.ar\/?p=38464"},"modified":"2019-08-07T19:40:29","modified_gmt":"2019-08-07T22:40:29","slug":"con-una-gran-fiesta-espinillo-celebro-su-114o-aniversario","status":"publish","type":"post","link":"http:\/\/informeformosa.com.ar\/?p=38464","title":{"rendered":"Con una gran fiesta, Espinillo celebr\u00f3 su 114\u00ba aniversario"},"content":{"rendered":"\n<p>Con la presencia del vicegobernador electo de la provincia, el doctor\nEber Sol\u00eds, y autoridades provinciales, la localidad de El Espinillo festej\u00f3\ncon una gran fiesta popular el 114\u00ba aniversario de su fundaci\u00f3n.<\/p>\n\n\n\n<p>La celebraci\u00f3n incluy\u00f3 un acto central que fue encabezado por el doctor\nSol\u00eds, actual diputado provincial, y del que particip\u00f3 toda la comunidad y\nautoridades provinciales y locales, como el ministro de la Producci\u00f3n y\nAmbiente, Ra\u00fal Quintana, y el intendente de la localidad, Carlos Sotelo. A esta\nactividad formal le sigui\u00f3 un gran asado popular.<\/p>\n\n\n\n<p>Al hacer uso de la palabra, el doctor Sol\u00eds destac\u00f3 que \u201cquiero hacerle\nllegar a cada uno de ustedes, de la mejor manera posible, el saludo y el abrazo\nfraterno de nuestro gobernador, el doctor Gildo Insfr\u00e1n, porque El Espinillo es\nun pueblo que \u00e9l quiere mucho, que aprecia y que fundamentalmente por el que va\na seguir trabajando, al igual que por toda la provincia para que los sue\u00f1os de\ntodos los formose\u00f1os puedan hacerse realidad\u201d.<\/p>\n\n\n\n<p>\u201cHoy, El Espinillo, como todos los pueblos de nuestra querida\nprovincia, est\u00e1n de pie, a pesar de tener un Gobierno Nacional que no nos mira,\nque no mira a Formosa ni al norte argentino\u201d, subray\u00f3.<\/p>\n\n\n\n<p>Puso en valor en ese sentido \u201cla esperanza de todos, de cada uno de los\nformose\u00f1os, que desean y sue\u00f1an con que el Modelo Formose\u00f1o siga llegando a\ncada uno de los comprovincianos, quienes desean tener una sociedad y una\ncomunidad socialmente justa, ambientalmente sostenible y econ\u00f3micamente\nrentable\u201d.<\/p>\n\n\n\n<p>\u201cPor eso, en diciembre, si Dios quiere y el pueblo argentino as\u00ed lo\ndecide volveremos a tener un Gobierno nacional y popular que piense, trabaje y\nluche como lo hace el gobernador Insfr\u00e1n por todos los formose\u00f1os\u201d, enfatiz\u00f3,\ncontundente.<\/p>\n\n\n\n<p>Por su parte, el jefe comunal Sotelo expres\u00f3 su alegr\u00eda por celebrar el\nnuevo aniversario de la localidad, marcando que \u201ccon mucha emoci\u00f3n, alegr\u00eda y\nentusiasmo, muy contento y orgulloso por haber podido compartir la jornada y\nque todo el pueblo de El Espinillo haya acompa\u00f1ado\u201d.<\/p>\n\n\n\n<p>\u201cMuy agradecidos por el acompa\u00f1amiento del pueblo y tambi\u00e9n por la\nvisita de nuestras autoridades, como el diputado provincial y vicegobernador\nelecto, el doctor Sol\u00eds, y el ministro Quintana\u201d, cerr\u00f3.<\/p>\n","protected":false},"excerpt":{"rendered":"<p>Con la presencia del vicegobernador electo de la provincia, el doctor Eber Sol\u00eds, y autoridades provinciales, la localidad de El Espinillo festej\u00f3 con una gran fiesta popular el 114\u00ba aniversario de su fundaci\u00f3n. La celebraci\u00f3n incluy\u00f3 un acto central que fue encabezado por el doctor Sol\u00eds, actual diputado provincial, y del que particip\u00f3 toda la [&hellip;]<\/p>\n","protected":false},"author":11,"featured_media":22091,"comment_status":"open","ping_status":"open","sticky":false,"template":"","format":"standard","meta":{"footnotes":""},"categories":[11],"tags":[],"class_list":["post-38464","post","type-post","status-publish","format-standard","has-post-thumbnail","hentry","category-interior"],"_links":{"self":[{"href":"http:\/\/informeformosa.com.ar\/index.php?rest_route=\/wp\/v2\/posts\/38464","targetHints":{"allow":["GET"]}}],"collection":[{"href":"http:\/\/informeformosa.com.ar\/index.php?rest_route=\/wp\/v2\/posts"}],"about":[{"href":"http:\/\/informeformosa.com.ar\/index.php?rest_route=\/wp\/v2\/types\/post"}],"author":[{"embeddable":true,"href":"http:\/\/informeformosa.com.ar\/index.php?rest_route=\/wp\/v2\/users\/11"}],"replies":[{"embeddable":true,"href":"http:\/\/informeformosa.com.ar\/index.php?rest_route=%2Fwp%2Fv2%2Fcomments&post=38464"}],"version-history":[{"count":1,"href":"http:\/\/informeformosa.com.ar\/index.php?rest_route=\/wp\/v2\/posts\/38464\/revisions"}],"predecessor-version":[{"id":38471,"href":"http:\/\/informeformosa.com.ar\/index.php?rest_route=\/wp\/v2\/posts\/38464\/revisions\/38471"}],"wp:featuredmedia":[{"embeddable":true,"href":"http:\/\/informeformosa.com.ar\/index.php?rest_route=\/wp\/v2\/media\/22091"}],"wp:attachment":[{"href":"http:\/\/informeformosa.com.ar\/index.php?rest_route=%2Fwp%2Fv2%2Fmedia&parent=38464"}],"wp:term":[{"taxonomy":"category","embeddable":true,"href":"http:\/\/informeformosa.com.ar\/index.php?rest_route=%2Fwp%2Fv2%2Fcategories&post=38464"},{"taxonomy":"post_tag","embeddable":true,"href":"http:\/\/informeformosa.com.ar\/index.php?rest_route=%2Fwp%2Fv2%2Ftags&post=38464"}],"curies":[{"name":"wp","href":"https:\/\/api.w.org\/{rel}","templated":true}]}}