{"id":38462,"date":"2019-08-07T20:02:35","date_gmt":"2019-08-07T23:02:35","guid":{"rendered":"http:\/\/informeformosa.com.ar\/?p=38462"},"modified":"2019-08-07T20:02:39","modified_gmt":"2019-08-07T23:02:39","slug":"fernandez-insfran-acordaron-acta-de-federalismo-real-del-frente-de-todos","status":"publish","type":"post","link":"http:\/\/informeformosa.com.ar\/?p=38462","title":{"rendered":"Fern\u00e1ndez-Insfr\u00e1n acordaron acta de federalismo real del Frente de Todos"},"content":{"rendered":"<p><br \/><br \/><!--StartFragment--><\/p>\n\n\n<p>El candidato presidencial del Frente de Todos,&nbsp;<a href=\"https:\/\/www.pagina12.com.ar\/210661-alberto-fernandez-macri-deja-la-argentina-en-estado-calamito\">Alberto\nFern\u00e1ndez<\/a> junto al gobernador Gildo Insfr\u00e1n, rubricaron el acta de\n\u201cfederalismo real\u201d, compromiso con la provincia en ejecutar obras y restaurar\nprogramas nacionales para Formosa en la pr\u00f3xima gesti\u00f3n nacional de imponerse\nen los comicios que se avecinan.<\/p>\n\n\n\n<p>Fue en la Universidad Nacional de Rosario donde Insfr\u00e1n junto con los gobernadores, gobernadores electos,\ncandidatos y representantes de diecinueve provincias, previo al acto posterior en\nel monumento a la bandera como cierre de campa\u00f1a, rubricaron el acta compromiso\nque \u201crevisti\u00f3 de federalismo la propuesta del FdT\u201d.&nbsp;El documento consta de tres puntos que ser\u00e1n\nlos ejes del gobierno&nbsp;que llevar\u00e1 adelante Fern\u00e1ndez y su compa\u00f1era\nde f\u00f3rmula, Cristina Fern\u00e1ndez de Kirchner en caso de ganar.<\/p>\n\n\n\n<p>En el caso particular de Formosa, el acta incluyo reactivar las obras\nparalizadas por el gobierno nacional , recuperar los programas de salud y\neducaci\u00f3n eliminados por el gobierno nacional, fortalecer e\ninvertir&nbsp;&nbsp;en&nbsp;&nbsp;producci\u00f3n en energ\u00eda e infraestructura,\nimpulsar nuevas infraestructuras para el desarrollo y encender las econom\u00edas\nregionales&nbsp;&nbsp;<\/p>\n\n\n\n<p>Las tres propuestas en general son:&nbsp;1) Crear la Mesa Provincias En\nRed. Se trata de generar una mesa de trabajo, con reuniones peri\u00f3dicas entre\nlos gabinetes provinciales y nacionales. La construcci\u00f3n de consenso en el\nfederalismo debe ser ascendente, por eso apostamos a descentralizar la gesti\u00f3n,\ngenerando reuniones en cada provincia.<\/p>\n\n\n\n<p>2) Encender las Econom\u00edas Regionales. Generar las condiciones propicias\npara un modelo de producci\u00f3n y desarrollo que defienda en el trabajo argentino,\nen oposici\u00f3n del modelo financiero y especulativo que hoy lo est\u00e1 destruyendo.<br>\n3) Dise\u00f1ar la Agenda de Desarrollo Federal. Apostar a la ciencia, a la\ntecnolog\u00eda y al conocimiento; ponerlos en marcha de la mano del desarrollo\nproductivo de cada provincia. Promover una agenda de desarrollo federal de\nlargo plazo, donde la innovaci\u00f3n y la tecnolog\u00eda est\u00e9n al servicio de generar\nvalor agregado.<\/p>\n\n\n<p><!--EndFragment--><br>\n<br>\n<\/p>","protected":false},"excerpt":{"rendered":"<p>El candidato presidencial del Frente de Todos,&nbsp;Alberto Fern\u00e1ndez junto al gobernador Gildo Insfr\u00e1n, rubricaron el acta de \u201cfederalismo real\u201d, compromiso con la provincia en ejecutar obras y restaurar programas nacionales para Formosa en la pr\u00f3xima gesti\u00f3n nacional de imponerse en los comicios que se avecinan. Fue en la Universidad Nacional de Rosario donde Insfr\u00e1n junto [&hellip;]<\/p>\n","protected":false},"author":11,"featured_media":38486,"comment_status":"open","ping_status":"open","sticky":false,"template":"","format":"standard","meta":{"footnotes":""},"categories":[6],"tags":[],"class_list":["post-38462","post","type-post","status-publish","format-standard","has-post-thumbnail","hentry","category-nacionales"],"_links":{"self":[{"href":"http:\/\/informeformosa.com.ar\/index.php?rest_route=\/wp\/v2\/posts\/38462","targetHints":{"allow":["GET"]}}],"collection":[{"href":"http:\/\/informeformosa.com.ar\/index.php?rest_route=\/wp\/v2\/posts"}],"about":[{"href":"http:\/\/informeformosa.com.ar\/index.php?rest_route=\/wp\/v2\/types\/post"}],"author":[{"embeddable":true,"href":"http:\/\/informeformosa.com.ar\/index.php?rest_route=\/wp\/v2\/users\/11"}],"replies":[{"embeddable":true,"href":"http:\/\/informeformosa.com.ar\/index.php?rest_route=%2Fwp%2Fv2%2Fcomments&post=38462"}],"version-history":[{"count":1,"href":"http:\/\/informeformosa.com.ar\/index.php?rest_route=\/wp\/v2\/posts\/38462\/revisions"}],"predecessor-version":[{"id":38487,"href":"http:\/\/informeformosa.com.ar\/index.php?rest_route=\/wp\/v2\/posts\/38462\/revisions\/38487"}],"wp:featuredmedia":[{"embeddable":true,"href":"http:\/\/informeformosa.com.ar\/index.php?rest_route=\/wp\/v2\/media\/38486"}],"wp:attachment":[{"href":"http:\/\/informeformosa.com.ar\/index.php?rest_route=%2Fwp%2Fv2%2Fmedia&parent=38462"}],"wp:term":[{"taxonomy":"category","embeddable":true,"href":"http:\/\/informeformosa.com.ar\/index.php?rest_route=%2Fwp%2Fv2%2Fcategories&post=38462"},{"taxonomy":"post_tag","embeddable":true,"href":"http:\/\/informeformosa.com.ar\/index.php?rest_route=%2Fwp%2Fv2%2Ftags&post=38462"}],"curies":[{"name":"wp","href":"https:\/\/api.w.org\/{rel}","templated":true}]}}