{"id":38178,"date":"2019-07-28T23:09:47","date_gmt":"2019-07-29T02:09:47","guid":{"rendered":"http:\/\/informeformosa.com.ar\/?p=38178"},"modified":"2019-07-28T23:09:49","modified_gmt":"2019-07-29T02:09:49","slug":"progresa-la-instalacion-de-una-planta-de-generacion-electrica-a-traves-de-la-biomasa","status":"publish","type":"post","link":"http:\/\/informeformosa.com.ar\/?p=38178","title":{"rendered":"Progresa la instalaci\u00f3n de una planta de generaci\u00f3n el\u00e9ctrica a trav\u00e9s de la biomasa"},"content":{"rendered":"\n<p>Con\nrenovado optimismo se confirmo el avance de todo el proceso tendiente a la\nejecuci\u00f3n de una planta de generaci\u00f3n el\u00e9ctrica a trav\u00e9s de la biomasa (es\nb\u00e1sicamente utilizar la materia org\u00e1nica como fuente energ\u00e9tica) en nuestra\nprovincia.<\/p>\n\n\n\n<p>Se\ntrata de un proyecto privado con una fuerte sinergia con el estado provincial\nque esta conteste con fomentar la diversificaci\u00f3n de nuestra matriz energ\u00e9tica,\nque sea amigable con el ambiente y pueda producirse de manera eficiente.<\/p>\n\n\n\n<p>Esta\ncentral de energ\u00eda el\u00e9ctrica fue aprobada y calificada en el marco del programa\nRenoVar a fin de promover el desarrollo de las energ\u00edas renovables como la\nbiomasa. Y es justamente el que financia la construcci\u00f3n de esta planta en la\nzona de Las Lomitas llamada Biot\u00e9rmica SA.<\/p>\n\n\n\n<p>&nbsp;\u201cTenemos recursos en abundancia para el\ndesarrollo sustentable de la biomasa como producci\u00f3n de una energ\u00eda renovable y\nlimpia. Es b\u00e1sicamente utilizar la materia org\u00e1nica como fuente energ\u00e9tica.\nEsta materia org\u00e1nica, es heterog\u00e9nea. Pueden ser desde deshechos de\nagricultura a restos de madera, el vinal que es una especie que lo tenemos en\nabundancia, ramas o alg\u00fan desecho de la foresto-industria, o incluso el\nserr\u00edn\u201d, se preciso.<\/p>\n\n\n\n<p>Fue\nexpuesto que se trata de un tipo de producci\u00f3n de energ\u00eda m\u00e1s barata, renovable\ny con menos emisiones por su forma de combusti\u00f3n. Adem\u00e1s, ayuda a mantener\nlimpios los bosques por lo que ayuda en la prevenci\u00f3n de incendios.<\/p>\n\n\n\n<p>El ingeniero agr\u00f3nomo Germ\u00e1n Di Bella, director de Biot\u00e9rmica\nLas Lomitas S.A asegur\u00f3 que avanza la construcci\u00f3n de una planta para la\ngeneraci\u00f3n de energ\u00eda a partir de recursos renovables como la madera, el sol y\nel viento<\/p>\n\n\n\n<p>describi\u00f3 que el proyecto de la planta de Biomasa en Las Lomitas\nhab\u00eda nacido&nbsp; hace aproximadamente 15\na\u00f1os , cuando las personas que pose\u00edan campo&nbsp;\ncon desarrollo ganadero en esa zona, empezaron a ver como una opci\u00f3n al\ncambio y uso de suelo&nbsp; en la provincia de\nFormosa&nbsp; a fin&nbsp; evitar la quema que era&nbsp; una de las preocupaciones&nbsp; del gobierno provincial a trav\u00e9s&nbsp; de&nbsp; la\nutilizaci\u00f3n adecuada del monte nativo.<\/p>\n\n\n\n<p>Se trata de un proyecto con una inversi\u00f3n estimada en 30\nmillones de d\u00f3lares, y a la fecha se est\u00e1 trabajando en el movimiento de suelo\ny nivelado para preparar el terreno e iniciar con la obra. <\/p>\n\n\n\n<p>En ese sentido mencion\u00f3 que la provincia de Formosa tiene casi\nun 90 por ciento de sus montes nativos intactos, lo que a su entender es un\nfactor ideal para ver de qu\u00e9 manera se puede trabajar&nbsp; para hacerlo&nbsp;\naltamente productivo y mantenerlo sostenible&nbsp; y sustentable a lo largo del tiempo.<\/p>\n\n\n\n<p>Pormenoriz\u00f3 que esta utilizaci\u00f3n de biomasa residual- que es lo\nque se hace con estas plantas de energ\u00eda-&nbsp;&nbsp;\nes la principal alternativa para el&nbsp;\nuso moderado&nbsp; y sustentable&nbsp; de los bosques nativos que se quiere\nimplementar&nbsp; en la provincia.<\/p>\n\n\n\n<p>Detall\u00f3 que la planta va a estar instalada a unos&nbsp; kil\u00f3metros al norte de Lomitas&nbsp; y va a generar 10 megas de energ\u00eda el\u00e9ctrica\nque es alrededor de 40 mil habitantes. \u201cLo que espec\u00edficamente vamos a hacer es\nla utilizaci\u00f3n de todos&nbsp; los residuos de\nmadera,&nbsp; se los quemar\u00e1&nbsp; en una caldera&nbsp; a trav\u00e9s de una quema controlada&nbsp; que genere&nbsp;\nvapor. \u00c9ste&nbsp; circular\u00e1&nbsp; por una turbina, gener\u00e1ndose&nbsp; de esta manera la&nbsp;&nbsp; energ\u00eda el\u00e9ctrica.\u201dHizo notar&nbsp; adem\u00e1s que esta planta de biomasa puede\nrecibir adem\u00e1s rollos de sorgo y otras de diferentes or\u00edgenes.<\/p>\n\n\n\n<p>Afirm\u00f3 que la ejecuci\u00f3n de la obra ya comenz\u00f3 en el mes de\nmarzo&nbsp; e implica dos a\u00f1os de construcci\u00f3n\ncon la obligaci\u00f3n de conexi\u00f3n&nbsp; para mayo\ndel 2021 a la conexi\u00f3n del&nbsp; tendido\nel\u00e9ctrico nacional,&nbsp;&nbsp; aclarando&nbsp; que el contrato firmado es por 20 a\u00f1os al\nsuministro de energ\u00eda el\u00e9ctrica.<\/p>\n\n\n\n<p>Aclar\u00f3 que se trata de una planta que se podr\u00eda ampliar&nbsp; siempre y cuando se renueven los\ncontratos&nbsp; y siempre y cuando las tarifas\nsean acordes&nbsp; para promover el desarrollo\nde este tipo de plantas, al tiempo que sostuvo&nbsp;\nque \u201clo ideal ser\u00eda duplicarlas o empezar a instalar&nbsp; otras plantas en diferentes localidades&nbsp; a lo largo de la ruta&nbsp; a fin de generar mejor energ\u00eda el\u00e9ctrica.\u201d<\/p>\n\n\n\n<p>Aclar\u00f3 que se trata de un sistema antiguo que viene de la \u00e9poca\nde las m\u00e1quinas a vapor&nbsp; ya que el\nsistema base&nbsp; de generaci\u00f3n es igual al\nde esa \u00e9poca. Remarc\u00f3 que a nivel pa\u00eds&nbsp;\nexisten plantas de menores magnitudes&nbsp;\ne incluso algunas&nbsp; que no son de\nrecursos renovables ya que utilizan gasoil, mientras que en Formosa es una\nmatriz renovable&nbsp; lo que la hace\nsustentable en el tiempo.<\/p>\n\n\n\n<p><strong>Infraestructura\ndisponible<\/strong><\/p>\n\n\n\n<p>Dejo en claro que&nbsp; las\nrazones principales para elegir a la provincia,&nbsp;\nfue el hecho de que Formosa cuenta con la infraestructura necesaria&nbsp; para&nbsp;\ninstalar este proyecto.\u201c si hoy&nbsp;\nno hubiese rutas que nos vinculen, ni tendido el\u00e9ctrico que nos pudiesen\ncomunicar , ser\u00eda inviable que&nbsp; como\nempresa privada instalarnos aqu\u00ed.\u201d<\/p>\n\n\n\n<p>&nbsp;Reconoci\u00f3 al estado\nprovincial el hecho de que hizo todo lo que deb\u00eda hacer en la provincia,\ngenerando las condiciones&nbsp; para que las\nempresas privadas vengan a invertir&nbsp;\ntales como infraestructura, tendido el\u00e9ctrico y caminos , elementos\nb\u00e1sicos&nbsp; para que cualquier empresa\nprivada pueda instalarse.<\/p>\n","protected":false},"excerpt":{"rendered":"<p>Con renovado optimismo se confirmo el avance de todo el proceso tendiente a la ejecuci\u00f3n de una planta de generaci\u00f3n el\u00e9ctrica a trav\u00e9s de la biomasa (es b\u00e1sicamente utilizar la materia org\u00e1nica como fuente energ\u00e9tica) en nuestra provincia. Se trata de un proyecto privado con una fuerte sinergia con el estado provincial que esta conteste [&hellip;]<\/p>\n","protected":false},"author":11,"featured_media":38192,"comment_status":"open","ping_status":"open","sticky":false,"template":"","format":"standard","meta":{"footnotes":""},"categories":[13],"tags":[],"class_list":["post-38178","post","type-post","status-publish","format-standard","has-post-thumbnail","hentry","category-produccion"],"_links":{"self":[{"href":"http:\/\/informeformosa.com.ar\/index.php?rest_route=\/wp\/v2\/posts\/38178","targetHints":{"allow":["GET"]}}],"collection":[{"href":"http:\/\/informeformosa.com.ar\/index.php?rest_route=\/wp\/v2\/posts"}],"about":[{"href":"http:\/\/informeformosa.com.ar\/index.php?rest_route=\/wp\/v2\/types\/post"}],"author":[{"embeddable":true,"href":"http:\/\/informeformosa.com.ar\/index.php?rest_route=\/wp\/v2\/users\/11"}],"replies":[{"embeddable":true,"href":"http:\/\/informeformosa.com.ar\/index.php?rest_route=%2Fwp%2Fv2%2Fcomments&post=38178"}],"version-history":[{"count":1,"href":"http:\/\/informeformosa.com.ar\/index.php?rest_route=\/wp\/v2\/posts\/38178\/revisions"}],"predecessor-version":[{"id":38193,"href":"http:\/\/informeformosa.com.ar\/index.php?rest_route=\/wp\/v2\/posts\/38178\/revisions\/38193"}],"wp:featuredmedia":[{"embeddable":true,"href":"http:\/\/informeformosa.com.ar\/index.php?rest_route=\/wp\/v2\/media\/38192"}],"wp:attachment":[{"href":"http:\/\/informeformosa.com.ar\/index.php?rest_route=%2Fwp%2Fv2%2Fmedia&parent=38178"}],"wp:term":[{"taxonomy":"category","embeddable":true,"href":"http:\/\/informeformosa.com.ar\/index.php?rest_route=%2Fwp%2Fv2%2Fcategories&post=38178"},{"taxonomy":"post_tag","embeddable":true,"href":"http:\/\/informeformosa.com.ar\/index.php?rest_route=%2Fwp%2Fv2%2Ftags&post=38178"}],"curies":[{"name":"wp","href":"https:\/\/api.w.org\/{rel}","templated":true}]}}