{"id":38174,"date":"2019-07-28T23:04:28","date_gmt":"2019-07-29T02:04:28","guid":{"rendered":"http:\/\/informeformosa.com.ar\/?p=38174"},"modified":"2019-07-28T23:04:31","modified_gmt":"2019-07-29T02:04:31","slug":"arranca-este-lunes-en-plaza-san-martin-fuerte-campana-contra-la-hepatitis-b","status":"publish","type":"post","link":"http:\/\/informeformosa.com.ar\/?p=38174","title":{"rendered":"Arranca este lunes en plaza San Martin fuerte campa\u00f1a contra la hepatitis B"},"content":{"rendered":"\n<p>Desde este lunes 29 y hasta el viernes 2\nde agosto se har\u00e1 una fuerte campa\u00f1a de promoci\u00f3n y vacunaci\u00f3n contra esta\nenfermedad \u2013hepatitis B- que afecta al h\u00edgado y se contrae por contacto sexual\nno protegido. Incluso puede trasmitir la madre al bebe durante el embarazo y el\nparto, aquellas personas que abusen de drogas endovenosas y compartan la\njeringa. La iniciativa est\u00e1 vinculada a que este domingo 28 de julio se\nconmemoro el D\u00eda Mundial contra las hepatitis virales, <\/p>\n\n\n\n<p>A partir de esta jornada y\nbajo el lema \u201cFormosa contra las hepatitis B\u201d<em>, <\/em>se\nhabilitara una carpa en la plaza San Mart\u00edn de nuestra ciudad, de 16 a 20 horas,\ndesde donde se har\u00e1 una fuerte concientizando a la comunidad sobre la\nimportancia de prevenir las hepatitis virales. \u201cEspecialmente estaremos\ndifundiendo la prevenci\u00f3n de la hepatitis B a trav\u00e9s de las medidas que deben\ntomarse para evitar el contagio y la vacuna\u201d, explic\u00f3 el responsable del departamento\nde Inmunizaciones, Licenciado Julio Arroyo<\/p>\n\n\n\n<p>El ministerio de Desarrollo Humano provincial\nintensificar\u00e1 a trav\u00e9s de una serie de actividades la promoci\u00f3n de la vacuna\nque previenen la hepatitis B, incorporada al calendario de vacunaci\u00f3n y de\naplicaci\u00f3n gratuita y obligatoria.<\/p>\n\n\n\n<p>En este marco dio a conocer que a la\nvez, un equipo de vacunadores estar\u00e1 aplicando la vacuna contra la hepatitis B\n\u201cya sea para iniciar el esquema en aquellos que no lo hicieron y a la vez,\nponiendo al d\u00eda los esquemas incompletos con las dosis faltantes\u201d, a\u00f1adi\u00f3.\nRecord\u00f3 asimismo que con el esquema completo de tres dosis, la vacuna alcanza\nsu mayor efectividad, brindando entre el 99 y 100% de protecci\u00f3n. <\/p>\n\n\n\n<p>En el caso de las personas que iniciaron\nel esquema pero no lo completaron porque distintos motivos \u201cpueden ponerse al\nd\u00eda en cualquier momento con las dosis que faltan, pero lo recomendado es\nhacerlo siempre con el esquema indicado\u201d, aclar\u00f3 el licenciado.<\/p>\n\n\n\n<p>En la carpa se contar\u00e1 adem\u00e1s con el\nequipo de salud del Programa de Enfermedades de Transmisi\u00f3n Sexual (ETS)\n\u2013HIV\/SIDA y Hepatitis Virales-. Los profesionales difundir\u00e1n las medidas de\nprevenci\u00f3n de los distintos tipos de hepatitis y responder\u00e1n a las preguntas,\ndudas e inquietudes de los vecinos interesados que se acerquen al lugar.<\/p>\n\n\n\n<p>A su vez, en los hospitales y centros de\nsalud de toda la provincia, se llevaran a cabo m\u00faltiples actividades para\nacentuar la prevenci\u00f3n de la hepatitis B y se estar\u00e1 asimismo aplicando la\nvacuna \u201cespecialmente para captar a la poblaci\u00f3n adulta que aun no la tiene\naplicada\u201d.<\/p>\n\n\n\n<p>El virus desde que ingresa a la persona\npuede estar latente por varios meses y puede estar contagiando \u2013sin saber que\nest\u00e1 infectado- a otras personas con las cuales mantiene relaciones sexuales y\nno se protege.<\/p>\n\n\n\n<p>Luego el virus puede manifestarse desde\nuna infecci\u00f3n hep\u00e1tica aguda, puede producir cirrosis hep\u00e1tica&nbsp; o c\u00e1ncer de h\u00edgado. La mejor forma de estar\nprotegidos es tener las tres dosis contra la hepatitis B. Hoy nos colocamos la\nprimera dosis, la segunda al mes y la tercera y \u00faltima a los seis meses<\/p>\n\n\n\n<p><strong>Vacuna\ncontra la hepatitis A<\/strong><\/p>\n\n\n\n<p>Esta vacuna, al igual que las dem\u00e1s que\nintegran el calendario de vacunaci\u00f3n vigente es de aplicaci\u00f3n gratuita y\nobligatoria para la poblaci\u00f3n que se determina. Se encuentra disponible en\ntodos los centros de salud y hospitales y vacunatorios de la provincia. <\/p>\n\n\n\n<p>Debe aplicarse a los beb\u00e9s al a\u00f1o de\nvida (12 meses) en una dosis \u00fanica. \u201cPero los ni\u00f1os nacidos a partir del a\u00f1o\n2005, si a\u00fan no recibieron la dosis correspondiente, igual pueden recibirla\nactualmente\u201d, coment\u00f3 el referente del \u00e1rea de inmunizaciones e inst\u00f3 a los\npadres a acercar a los ni\u00f1os a los distintos centros sanitarios para recibirlas\ny estar protegidos mediante esta fundamental medida de prevenci\u00f3n. <\/p>\n\n\n\n<p><strong>Crisis<\/strong><\/p>\n\n\n\n<p>\u201cEstuvimos padeciendo a lo largo de todo\neste a\u00f1o la escases de vacunas y en algunos casos faltantes como el de la\nMeningitis. Recibimos hace dos semanas las dosis y fueron distribuidas a los\nvacunatorios, pero no son suficientes para la poblaci\u00f3n objetivo a la cual est\u00e1\ndirigida\u201d, expuso Arroyo, a\u00f1adiendo que \u201cotra de las vacunas que estuvo en\nescases fue la del Rotavirus y con las dosis recibidas iremos achicando la\nbrecha que restaba inmunizar\u201d.<\/p>\n\n\n\n<p>\u201cEsperamos que esto de remitir las\nvacunas faltantes no tengan que ver con lo preelectoral, ya que prevenir a la\ngente es algo fundamental y debe darse durante todo el a\u00f1o, hayan o no\nelecciones, regularidad que fue una constante en cualquier \u00e9poca en la anterior\ngesti\u00f3n nacional\u201d, advirti\u00f3. <\/p>\n\n\n\n<p>Concluyo aclarando que \u201cninguna\nprovincia del pa\u00eds hace la compra, quien la realiza es el la secretaria de\nSalud de la Naci\u00f3n y lo hace adquiriendo a los laboratorios millones de dosis\ncon un a\u00f1o de anticipaci\u00f3n. Existe un impedimento econ\u00f3mico y log\u00edstico que no\npermite que los estados provinciales puedan llevar adelante un calendario con\nveinte vacunas\u201d.<\/p>\n","protected":false},"excerpt":{"rendered":"<p>Desde este lunes 29 y hasta el viernes 2 de agosto se har\u00e1 una fuerte campa\u00f1a de promoci\u00f3n y vacunaci\u00f3n contra esta enfermedad \u2013hepatitis B- que afecta al h\u00edgado y se contrae por contacto sexual no protegido. Incluso puede trasmitir la madre al bebe durante el embarazo y el parto, aquellas personas que abusen de [&hellip;]<\/p>\n","protected":false},"author":11,"featured_media":38184,"comment_status":"open","ping_status":"open","sticky":false,"template":"","format":"standard","meta":{"footnotes":""},"categories":[12],"tags":[],"class_list":["post-38174","post","type-post","status-publish","format-standard","has-post-thumbnail","hentry","category-salud"],"_links":{"self":[{"href":"http:\/\/informeformosa.com.ar\/index.php?rest_route=\/wp\/v2\/posts\/38174","targetHints":{"allow":["GET"]}}],"collection":[{"href":"http:\/\/informeformosa.com.ar\/index.php?rest_route=\/wp\/v2\/posts"}],"about":[{"href":"http:\/\/informeformosa.com.ar\/index.php?rest_route=\/wp\/v2\/types\/post"}],"author":[{"embeddable":true,"href":"http:\/\/informeformosa.com.ar\/index.php?rest_route=\/wp\/v2\/users\/11"}],"replies":[{"embeddable":true,"href":"http:\/\/informeformosa.com.ar\/index.php?rest_route=%2Fwp%2Fv2%2Fcomments&post=38174"}],"version-history":[{"count":1,"href":"http:\/\/informeformosa.com.ar\/index.php?rest_route=\/wp\/v2\/posts\/38174\/revisions"}],"predecessor-version":[{"id":38185,"href":"http:\/\/informeformosa.com.ar\/index.php?rest_route=\/wp\/v2\/posts\/38174\/revisions\/38185"}],"wp:featuredmedia":[{"embeddable":true,"href":"http:\/\/informeformosa.com.ar\/index.php?rest_route=\/wp\/v2\/media\/38184"}],"wp:attachment":[{"href":"http:\/\/informeformosa.com.ar\/index.php?rest_route=%2Fwp%2Fv2%2Fmedia&parent=38174"}],"wp:term":[{"taxonomy":"category","embeddable":true,"href":"http:\/\/informeformosa.com.ar\/index.php?rest_route=%2Fwp%2Fv2%2Fcategories&post=38174"},{"taxonomy":"post_tag","embeddable":true,"href":"http:\/\/informeformosa.com.ar\/index.php?rest_route=%2Fwp%2Fv2%2Ftags&post=38174"}],"curies":[{"name":"wp","href":"https:\/\/api.w.org\/{rel}","templated":true}]}}