{"id":38160,"date":"2019-07-28T00:02:41","date_gmt":"2019-07-28T03:02:41","guid":{"rendered":"http:\/\/informeformosa.com.ar\/?p=38160"},"modified":"2019-07-28T00:04:07","modified_gmt":"2019-07-28T03:04:07","slug":"el-agobiante-clima-social-es-lo-que-la-gente-reclama-resolver-con-urgencia","status":"publish","type":"post","link":"http:\/\/informeformosa.com.ar\/?p=38160","title":{"rendered":"El \u201cagobiante clima social\u201d es lo que la gente reclama resolver con urgencia"},"content":{"rendered":"\n<h4 class=\"wp-block-heading\">\u201cPara el colectivo social los temas que urgen\nresolver pasa por el agobiante clima social. Las mayores demandas es como\nllegar a fin de mes, la escalada inflacionaria, el desempleo y los tarifazos.\nLa alimentaci\u00f3n,\nel rubro por lejos m\u00e1s sensible\u201d, dijeron coincidentes los candidatos a\ndiputado nacional del FdT por Formosa: Luis Basterra, Graciela Parola y Agust\u00edn\nSamaniego.<\/h4>\n\n\n\n<h4 class=\"wp-block-heading\">\u201cAunque se trate de imponer en la agenda la\ndespenalizaci\u00f3n del aborto o las fotocopias de unos cuadernos, a los formose\u00f1os\ncomo la enorme mayor\u00eda de los argentinos, los apremia que les resuelvan como\nllenar los platos de comida a diario en la mesa familiar\u201d, sostuvieron.<\/h4>\n\n\n\n<p>Consideran \u201crid\u00edculo pensar que porque no se hable de la tremenda\ncrisis que hundi\u00f3 a m\u00e1s de la mitad del pa\u00eds en la pobreza, esta dejara de\nexistir.Los temas econ\u00f3micos siguen siendo los primeros en t\u00e9rminos de\nlas preocupaciones y, en la misma sinton\u00eda la certidumbre y esperanza en un\nperonismo unido, claramente identificado con el campo popular\u201d.<\/p>\n\n\n\n<p>\u201cEs tremendo pero la gente trata de tener para la comida o que\nle alcance para pagar parte de la boleta de luz\u201d, insistieron, y que \u201cse da\ncuenta de que todo lo que le dicen los medios nacionales tiene un manejo con\ndoble vara muy raro y se pretende hacerles creer que est\u00e1n bien solo que no se\ndan cuenta\u201d. <\/p>\n\n\n\n<p>\u201cEl peronismo, la columna vertebral del Frente de Todos, est\u00e1\nconvencido en un modelo que no es este: un modelo con un Estado presente, un\nmodelo de subsidios para los que menos tienen, donde la gente est\u00e9 incluida. Y\nno tiene que ver con nombres o apellidos: sino con una visi\u00f3n del pa\u00eds que\ntenemos: una Argentina para todos\u201d.<\/p>\n\n\n\n<p>Los candidatos dijeron que \u201cla ciudadan\u00eda incr\u00e9dula escucha\ncuando la gente del gobierno nacional pide que aguaten, que tengan paciencia y\nal mismo tiempo ratifican profundizar el mismo rumbo econ\u00f3mico que los llevo a\nla total pobreza\u201d, advirtiendo que \u201chasta apreciamos en algunos sectores de una\nclase media cerca de extinguirse, un enorme desencanto por haber apostado a\nespejitos de colores\u201d.<\/p>\n\n\n\n<p>Expusieron ejemplos que se repiten casi al un\u00edsono acerca de\nmadres afirmando haber \u201cca\u00eddo en la total desagracia con su marido desempleado,\nno comprar m\u00e1s fruta y verdura, lo complicado de acceder a la leche que en el\n2015 sal\u00eda un cuarto de su precio actual y debe optar por<\/p>\n\n\n\n<p>alimentos m\u00e1s baratos pero menos nutricionales, como los fideos\u201d.<\/p>\n\n\n\n<p>\u201cHay un impacto terrible por el aumento de la pobreza,&nbsp; especialmente sobre los m\u00e1s chicos, y m\u00e1s de\nla mitad de los ni\u00f1os del pa\u00eds, sufre dolorosas privaciones en sus derechos\nb\u00e1sicos y fundamentales\u201d, advirtieron.<\/p>\n\n\n\n<p><strong>Un\nmodelo ejemplo<\/strong><\/p>\n\n\n\n<p><strong>\u201c<\/strong><strong>El Plan Nutrir<\/strong><strong> <\/strong>que<strong>lleno los platos de\nla mesa a 15 mil familias humildes de la ciudad y gracias a eso, muchos est\u00e1n\ncomiendo<\/strong><strong>. <\/strong><strong>La ampliaci\u00f3n del\npresupuesto para los comedores escolares e incluso se ampli\u00f3 el servicio de la\nCopa de Leche a los colegios secundarios, el<\/strong><strong> <\/strong><strong>mejor aumento salarial a los empleados p\u00fablicos del\npa\u00eds otorgando una recomposici\u00f3n del 42%, acuerdos permanentes de ofertas de\nproductos b\u00e1sicos de la canasta familiar con los comercios y supermercados,\nforman parte de pol\u00edticas sociales concretas atendiendo la deteriorada matriz\nsocial\u201d, expusieron.<\/strong><\/p>\n\n\n\n<p><strong>Incluso el titular del PEP dispuso subsidios\nmillonarios a los servicio del transporte p\u00fablico de pasajeros y al el\u00e9ctrico,\natenuando la escalada de tarifas que genero el estado nacional. La provincia mantiene\npol\u00edticas p\u00fablicas <\/strong><\/p>\n\n\n\n<p><strong>a favor de los peque\u00f1os productores, el\nsostenimiento de obras municipales en toda la provincia y l\u00edneas de\nfinanciamiento para pymes, con lo cual hay una atenci\u00f3n a todo un segmento\necon\u00f3mico generador de empleo y riqueza genuina.<\/strong><\/p>\n","protected":false},"excerpt":{"rendered":"<p>\u201cPara el colectivo social los temas que urgen resolver pasa por el agobiante clima social. Las mayores demandas es como llegar a fin de mes, la escalada inflacionaria, el desempleo y los tarifazos. La alimentaci\u00f3n, el rubro por lejos m\u00e1s sensible\u201d, dijeron coincidentes los candidatos a diputado nacional del FdT por Formosa: Luis Basterra, Graciela [&hellip;]<\/p>\n","protected":false},"author":11,"featured_media":38172,"comment_status":"open","ping_status":"open","sticky":false,"template":"","format":"standard","meta":{"footnotes":""},"categories":[3],"tags":[],"class_list":["post-38160","post","type-post","status-publish","format-standard","has-post-thumbnail","hentry","category-politica-y-economia"],"_links":{"self":[{"href":"http:\/\/informeformosa.com.ar\/index.php?rest_route=\/wp\/v2\/posts\/38160","targetHints":{"allow":["GET"]}}],"collection":[{"href":"http:\/\/informeformosa.com.ar\/index.php?rest_route=\/wp\/v2\/posts"}],"about":[{"href":"http:\/\/informeformosa.com.ar\/index.php?rest_route=\/wp\/v2\/types\/post"}],"author":[{"embeddable":true,"href":"http:\/\/informeformosa.com.ar\/index.php?rest_route=\/wp\/v2\/users\/11"}],"replies":[{"embeddable":true,"href":"http:\/\/informeformosa.com.ar\/index.php?rest_route=%2Fwp%2Fv2%2Fcomments&post=38160"}],"version-history":[{"count":1,"href":"http:\/\/informeformosa.com.ar\/index.php?rest_route=\/wp\/v2\/posts\/38160\/revisions"}],"predecessor-version":[{"id":38171,"href":"http:\/\/informeformosa.com.ar\/index.php?rest_route=\/wp\/v2\/posts\/38160\/revisions\/38171"}],"wp:featuredmedia":[{"embeddable":true,"href":"http:\/\/informeformosa.com.ar\/index.php?rest_route=\/wp\/v2\/media\/38172"}],"wp:attachment":[{"href":"http:\/\/informeformosa.com.ar\/index.php?rest_route=%2Fwp%2Fv2%2Fmedia&parent=38160"}],"wp:term":[{"taxonomy":"category","embeddable":true,"href":"http:\/\/informeformosa.com.ar\/index.php?rest_route=%2Fwp%2Fv2%2Fcategories&post=38160"},{"taxonomy":"post_tag","embeddable":true,"href":"http:\/\/informeformosa.com.ar\/index.php?rest_route=%2Fwp%2Fv2%2Ftags&post=38160"}],"curies":[{"name":"wp","href":"https:\/\/api.w.org\/{rel}","templated":true}]}}