{"id":38157,"date":"2019-07-27T23:53:57","date_gmt":"2019-07-28T02:53:57","guid":{"rendered":"http:\/\/informeformosa.com.ar\/?p=38157"},"modified":"2019-07-27T23:54:02","modified_gmt":"2019-07-28T02:54:02","slug":"el-2-de-agosto-pagaran-a-autoridades-de-mesa-de-las-elecciones-provinciales","status":"publish","type":"post","link":"http:\/\/informeformosa.com.ar\/?p=38157","title":{"rendered":"El 2 de agosto pagar\u00e1n a autoridades  de mesa de las elecciones provinciales"},"content":{"rendered":"\n<p>La\npresidenta del Tribunal Electoral Permanente (TEP), la doctora Sandra Moreno,\ninform\u00f3 que el pr\u00f3ximo viernes 2 de agosto se efectuar\u00e1 el pago a las\nautoridades de mesa que cumplieron funciones en las elecciones provinciales y\nmunicipales del pasado 16 de junio.<\/p>\n\n\n\n<p>\u201cEstuvimos\ntrabajando en la confecci\u00f3n del listado, verificando los datos, por eso gracias\npor la paciencia en algunos casos porque cabe recordar no todos los presidentes\ntitulares se presentaron, al igual que alg\u00fan delegado o director de escuela,\nentonces muchos suplentes pasaron a ser titulares ese d\u00eda 16 de junio y, por lo\ntanto, el listado qued\u00f3 modificado y hab\u00eda que verificar esos datos\u201d, explic\u00f3\nla funcionaria.<\/p>\n\n\n\n<p>Indic\u00f3\nque \u201cya hemos confeccionado la lista y el sector administrativo realiz\u00f3 todos\nlos tr\u00e1mites pertinentes, por eso el pr\u00f3ximo viernes estar\u00edamos abonando\u201d.\n&nbsp;<\/p>\n\n\n\n<p>Precis\u00f3\nque \u201cel mecanismo es a trav\u00e9s de Andreani, pero como no tiene sucursales en\ntoda la provincia ha firmado un convenio con el Banco Formosa y cada autoridad\nelectoral (delegados y presidentes de mesa titulares y suplentes) van a poder\ncobrar con DNI por ventanilla en la sucursal de esa entidad bancaria m\u00e1s\npr\u00f3xima a su domicilio\u201d.<\/p>\n\n\n\n<p>\u201cTenemos\n208 delegados electorales, entre directores de escuela y quienes estuvieron al\nfrente de los centros de salud que funcionaron como lugares de votaci\u00f3n\n\u2013puntualiz\u00f3-. Adem\u00e1s son 1379 presidentes de mesa titulares y 877 suplentes.\nLos delegados cobran $1800 y los presidentes titulares y suplentes $1500 cada\nuno\u201d.<\/p>\n\n\n\n<p><strong>Proclamaci\u00f3n<\/strong><\/p>\n\n\n\n<p>En otro\norden, la titular del TEP confirm\u00f3 que el acto de proclamaci\u00f3n de autoridades\nprovinciales y municipales electas se llevar\u00e1 a cabo el pr\u00f3ximo jueves 1\u00ba de\nagosto en el Galp\u00f3n \u201cG\u201d del Paseo Costanero capitalino, cuyo inicio est\u00e1\nprevisto para las 19 horas.<\/p>\n\n\n\n<p>\u201cEstamos\ninvitando para las 18 horas porque tenemos que organizar que est\u00e9n todos\nsentados en sus lugares quienes son autoridades actuales y los que son los\ncandidatos electos que recibir\u00e1n el diploma y el acta de proclamaci\u00f3n\u201d, dijo,\naclarando que \u201cno van a asumir los cargos hasta el 10 de diciembre en sus respectivas\ninstituciones\u201d.<\/p>\n\n\n\n<p>Se\u00f1al\u00f3\nque \u201ctendremos la proclamaci\u00f3n del doctor Gildo Insfr\u00e1n como gobernador, del\ndoctor Eber Sol\u00eds como vicegobernador, 15 diputados provinciales titulares, 27\nintendentes de los distintos Municipios, 10 presidentes de Comisiones de\nFomento y despu\u00e9s los concejales, que son seis titulares en el caso de Formosa\nCapital, cinco en Clorinda, tres en El Colorado y Piran\u00e9 y el resto de las\nComunas dos concejales por localidad\u201d.<\/p>\n\n\n\n<p>Finalmente,\nla doctora Moreno expres\u00f3 que \u201clo que ahora nos queda es colaborar con el\nJuzgado Federal en lo que se viene que son las PASO el pr\u00f3ximo 11 de agosto,\npara lo cual hemos firmado un convenio y ya se est\u00e1 trabajando en el SUM de la\nEscuela 66 en el armado de las urnas y el material electoral\u201d<\/p>\n\n\n\n<p>\u201cTambi\u00e9n\ndesde all\u00ed se va a realizar el despliegue y repliegue de las urnas y el\nescrutinio definitivo a partir de las 48 horas despu\u00e9s de las elecciones\u201d,\nsostuvo, confirmando que \u201clo mismo suceder\u00e1 para las elecciones generales del\n27 de octubre\u201d.&nbsp;<\/p>\n","protected":false},"excerpt":{"rendered":"<p>La presidenta del Tribunal Electoral Permanente (TEP), la doctora Sandra Moreno, inform\u00f3 que el pr\u00f3ximo viernes 2 de agosto se efectuar\u00e1 el pago a las autoridades de mesa que cumplieron funciones en las elecciones provinciales y municipales del pasado 16 de junio. \u201cEstuvimos trabajando en la confecci\u00f3n del listado, verificando los datos, por eso gracias [&hellip;]<\/p>\n","protected":false},"author":11,"featured_media":38165,"comment_status":"open","ping_status":"open","sticky":false,"template":"","format":"standard","meta":{"footnotes":""},"categories":[2],"tags":[],"class_list":["post-38157","post","type-post","status-publish","format-standard","has-post-thumbnail","hentry","category-locales"],"_links":{"self":[{"href":"http:\/\/informeformosa.com.ar\/index.php?rest_route=\/wp\/v2\/posts\/38157","targetHints":{"allow":["GET"]}}],"collection":[{"href":"http:\/\/informeformosa.com.ar\/index.php?rest_route=\/wp\/v2\/posts"}],"about":[{"href":"http:\/\/informeformosa.com.ar\/index.php?rest_route=\/wp\/v2\/types\/post"}],"author":[{"embeddable":true,"href":"http:\/\/informeformosa.com.ar\/index.php?rest_route=\/wp\/v2\/users\/11"}],"replies":[{"embeddable":true,"href":"http:\/\/informeformosa.com.ar\/index.php?rest_route=%2Fwp%2Fv2%2Fcomments&post=38157"}],"version-history":[{"count":1,"href":"http:\/\/informeformosa.com.ar\/index.php?rest_route=\/wp\/v2\/posts\/38157\/revisions"}],"predecessor-version":[{"id":38166,"href":"http:\/\/informeformosa.com.ar\/index.php?rest_route=\/wp\/v2\/posts\/38157\/revisions\/38166"}],"wp:featuredmedia":[{"embeddable":true,"href":"http:\/\/informeformosa.com.ar\/index.php?rest_route=\/wp\/v2\/media\/38165"}],"wp:attachment":[{"href":"http:\/\/informeformosa.com.ar\/index.php?rest_route=%2Fwp%2Fv2%2Fmedia&parent=38157"}],"wp:term":[{"taxonomy":"category","embeddable":true,"href":"http:\/\/informeformosa.com.ar\/index.php?rest_route=%2Fwp%2Fv2%2Fcategories&post=38157"},{"taxonomy":"post_tag","embeddable":true,"href":"http:\/\/informeformosa.com.ar\/index.php?rest_route=%2Fwp%2Fv2%2Ftags&post=38157"}],"curies":[{"name":"wp","href":"https:\/\/api.w.org\/{rel}","templated":true}]}}