{"id":38144,"date":"2019-07-24T19:14:34","date_gmt":"2019-07-24T22:14:34","guid":{"rendered":"http:\/\/informeformosa.com.ar\/?p=38144"},"modified":"2019-07-24T19:14:37","modified_gmt":"2019-07-24T22:14:37","slug":"vizcaino-vaticina-optimista-un-triunfo-contundente-del-fdt","status":"publish","type":"post","link":"http:\/\/informeformosa.com.ar\/?p=38144","title":{"rendered":"Vizcaino vaticina optimista un \u201ctriunfo contundente\u201d del FdT"},"content":{"rendered":"\n<p>\u201cEl pr\u00f3ximo 11 de agosto en las elecciones PASO va a ser\ncontundente, otra vez, el voto a la f\u00f3rmula Alberto Fern\u00e1ndez-Cristina\nFern\u00e1ndez y a nuestros candidatos a diputados nacionales del Frente de Todos\u201d,\nsubray\u00f3 el diputado provincial del Frente de la Victoria (FdV) Roberto\nVizca\u00edno.<\/p>\n\n\n\n<p>\u201cSomos optimistas y esperamos tener el fuerte respaldo popular y\nsean electos los tres candidatos del FdT. Para eso estamos trabajando muy\nfuertemente\u201d, sostuvo, vaticinando optimista que \u201cen el interior el FdT va a\ntener m\u00e1s del 80% de adhesi\u00f3n\u201d. <\/p>\n\n\n\n<p>\u201cDecir que estamos preocupados es poco\u201d, contest\u00f3 el legislador\ncuando se le consult\u00f3 sobre la posibilidad de que pudiera existir un fraude en\nlas pr\u00f3ximas elecciones nacionales, luego de que la administraci\u00f3n de Mauricio\nMacri introdujera un cambio fundamental en el escrutinio que le permitir\u00eda\nmanipular el recuento provisional.<\/p>\n\n\n\n<p>En ese sentido, conden\u00f3 la campa\u00f1a de hostigamiento y ataques\nque viene sufriendo la expresidenta Cristina Fern\u00e1ndez de Kirchner por parte\ndel oficialismo nacional, marcando que \u201cse trata de una mujer que tuvo la\nPresidencia en sus hombros, m\u00e1s la muerte del marido, las acusaciones que le\nhacen, involucrando a sus hijos; de hecho, la salud de su hija es parte de todo\nesto\u201d.<\/p>\n\n\n\n<p>Subray\u00f3 que no obstante \u201cpudiendo estar mucho m\u00e1s c\u00f3moda, la\ncandidata a vicepresidenta por el Frente de Todos se pone la campa\u00f1a al\nhombro\u201d, recordando que \u201cal Peronismo siempre se lo quiso desacreditar\u201d.<\/p>\n\n\n\n<p>\u201cNo tenemos que acostumbrarnos a los presos pol\u00edticos que\ntenemos, todos sin condena, como Julio De Vido, Amado Boudou, etc\u00e9tera, como\nas\u00ed tampoco tenemos que acostumbrarnos a la idea de Patricia Bullrich de que la\nGendarmer\u00eda est\u00e1 en mejores condiciones para capacitar a los chicos que las\npropias escuelas\u201d, indic\u00f3, haciendo notar que \u201cson todos temas que se generan\ndesde el Gobierno Nacional para desviar la atenci\u00f3n sobre los verdaderos\nproblemas que tenemos los argentinos\u201d.<\/p>\n\n\n\n<p>De cara a los venideros procesos electorales, el ingeniero\nVizca\u00edno no dud\u00f3 en manifestar que \u201cparto de lo que dice el gobernador Gildo\nInsfr\u00e1n: el formose\u00f1o es un pueblo esclarecido y el pr\u00f3ximo 11 de agosto en las\nelecciones PASO va a ser contundente, otra vez, el voto a la f\u00f3rmula Alberto\nFern\u00e1ndez-Cristina Fern\u00e1ndez y a nuestros candidatos a diputados nacionales del\nFrente de Todos: Luis Basterra, Graciela Parola y Agust\u00edn Samaniego\u201d.<\/p>\n\n\n\n<p>\u201cEstamos trabajando, militando, y podemos percibir que el\nacompa\u00f1amiento del pueblo va a ser rotundo \u2013enfatiz\u00f3-. La semana estuve con\nEber Sol\u00eds, nuestro vicegobernador electo, en una recorrida desde el extremo\noeste por la ruta 86, visitando, agradeciendo y conversando con los formose\u00f1os\ndespu\u00e9s de las elecciones provinciales y me impresion\u00f3 el cari\u00f1o y el apoyo de\nlas mujeres abor\u00edgenes hacia Cristina\u201d.<\/p>\n\n\n\n<p>Cont\u00f3 que \u201cven su foto con alegr\u00eda porque se acuerdan de todas\nlas reivindicaciones que han tenido, todos los derechos que han conquistado las\nmujeres, como por ejemplo la Asignaci\u00f3n Universal por Hijo (AUH).<\/p>\n","protected":false},"excerpt":{"rendered":"<p>\u201cEl pr\u00f3ximo 11 de agosto en las elecciones PASO va a ser contundente, otra vez, el voto a la f\u00f3rmula Alberto Fern\u00e1ndez-Cristina Fern\u00e1ndez y a nuestros candidatos a diputados nacionales del Frente de Todos\u201d, subray\u00f3 el diputado provincial del Frente de la Victoria (FdV) Roberto Vizca\u00edno. \u201cSomos optimistas y esperamos tener el fuerte respaldo popular [&hellip;]<\/p>\n","protected":false},"author":11,"featured_media":38150,"comment_status":"open","ping_status":"open","sticky":false,"template":"","format":"standard","meta":{"footnotes":""},"categories":[2],"tags":[],"class_list":["post-38144","post","type-post","status-publish","format-standard","has-post-thumbnail","hentry","category-locales"],"_links":{"self":[{"href":"http:\/\/informeformosa.com.ar\/index.php?rest_route=\/wp\/v2\/posts\/38144","targetHints":{"allow":["GET"]}}],"collection":[{"href":"http:\/\/informeformosa.com.ar\/index.php?rest_route=\/wp\/v2\/posts"}],"about":[{"href":"http:\/\/informeformosa.com.ar\/index.php?rest_route=\/wp\/v2\/types\/post"}],"author":[{"embeddable":true,"href":"http:\/\/informeformosa.com.ar\/index.php?rest_route=\/wp\/v2\/users\/11"}],"replies":[{"embeddable":true,"href":"http:\/\/informeformosa.com.ar\/index.php?rest_route=%2Fwp%2Fv2%2Fcomments&post=38144"}],"version-history":[{"count":1,"href":"http:\/\/informeformosa.com.ar\/index.php?rest_route=\/wp\/v2\/posts\/38144\/revisions"}],"predecessor-version":[{"id":38151,"href":"http:\/\/informeformosa.com.ar\/index.php?rest_route=\/wp\/v2\/posts\/38144\/revisions\/38151"}],"wp:featuredmedia":[{"embeddable":true,"href":"http:\/\/informeformosa.com.ar\/index.php?rest_route=\/wp\/v2\/media\/38150"}],"wp:attachment":[{"href":"http:\/\/informeformosa.com.ar\/index.php?rest_route=%2Fwp%2Fv2%2Fmedia&parent=38144"}],"wp:term":[{"taxonomy":"category","embeddable":true,"href":"http:\/\/informeformosa.com.ar\/index.php?rest_route=%2Fwp%2Fv2%2Fcategories&post=38144"},{"taxonomy":"post_tag","embeddable":true,"href":"http:\/\/informeformosa.com.ar\/index.php?rest_route=%2Fwp%2Fv2%2Ftags&post=38144"}],"curies":[{"name":"wp","href":"https:\/\/api.w.org\/{rel}","templated":true}]}}