{"id":38143,"date":"2019-07-24T19:13:34","date_gmt":"2019-07-24T22:13:34","guid":{"rendered":"http:\/\/informeformosa.com.ar\/?p=38143"},"modified":"2019-07-24T19:13:37","modified_gmt":"2019-07-24T22:13:37","slug":"zieseniss-muchos-productores-hubieran-desaparecido-de-no-mediar-ayuda-provincial","status":"publish","type":"post","link":"http:\/\/informeformosa.com.ar\/?p=38143","title":{"rendered":"Zieseniss: \u201cmuchos productores hubieran desaparecido de no mediar ayuda provincial\u201d"},"content":{"rendered":"\n<p>El director de la Federaci\u00f3n Agraria Argentina delegaci\u00f3n\nFormosa, Orlando Zieseniss, critic\u00f3 duramente al gobierno nacional por la falta\nde pol\u00edticas agropecuarias que no tienen en cuenta&nbsp; las econom\u00edas regionales. Al mismo tiempo\nasegur\u00f3 que \u201csi el gobierno provincial no tuviera pol\u00edticas concretas para el\nsector productivo local muchos de los peque\u00f1os y medianos productores locales\nya hubieran desaparecido\u201d.<\/p>\n\n\n\n<p>Subray\u00f3 el dirigente del agro que tras la audiencia programada\ncon el ministro de la Producci\u00f3n y Ambiente, Ra\u00fal Quintana y sus equipos\nt\u00e9cnicos, estar\u00e1 en condiciones de brindar&nbsp;\ndetalles&nbsp; y precisiones sobre el\ntema, a\u00fan as\u00ed reconoci\u00f3 que se trata de \u201cun hecho muy importante para todo el\nsector productivo puesto que vienen&nbsp; de\nsalir de un per\u00edodo de emergencia donde se malogr\u00f3 la campa\u00f1a agr\u00edcola\u201d.<\/p>\n\n\n\n<p>&nbsp;En este sentido\ndetall\u00f3&nbsp; que \u201cno s\u00f3lo se malograron los\ncultivos de algod\u00f3n, sino&nbsp; tambi\u00e9n el de\nhortalizas&nbsp; y granos en general, lo mismo\nsucedi\u00f3 con&nbsp; el sector granadero que&nbsp; fue afectado por el anegamiento de los campos\ne&nbsp; inundaciones, admitiendo que todo ese\ncontexto sumi\u00f3 al sector productivo&nbsp; en\nuna dif\u00edcil situaci\u00f3n y sin recursos para afrontar la siguiente campa\u00f1a\u201d.<\/p>\n\n\n\n<p>Zieseniss&nbsp; remarc\u00f3 que la\nayuda y el apoyo del gobierno provincial al sector productivo es una \u201cnoticia\nmuy positiva\u201d, y subray\u00f3 que \u201csi no fuera por esos programas que implementa\npuntualmente para el sector agropecuario&nbsp;\ncon subsidios para los peque\u00f1os productores y l\u00edneas crediticias para\nlos medianos, en Formosa no existir\u00eda&nbsp;\nmuchos de los productos que hoy est\u00e1n abasteciendo al mercado local\u201d.<\/p>\n\n\n\n<p>Fue claro y contundente al significar que \u201cno existir\u00edan porque\nel gobierno nacional no tiene pol\u00edtica para&nbsp;\nlas econom\u00edas regionales&nbsp; y para\nprovincias como Formosa\u201d. Al tiempo que critic\u00f3 que para ellos \u201cest\u00e1 todo bien\u201d\nya que la Pampa H\u00fameda est\u00e1 teniendo cosechas r\u00e9cords, raz\u00f3n por la cual no\ntienen en cuenta las realidades de otras provincias, donde se tienen que\ntrabajar mucho m\u00e1s y con climas complicados.<\/p>\n\n\n\n<p>Advirti\u00f3 que \u201cel gobierno nacional no pone en igualdad de\ncondiciones&nbsp; a los productores nuestros\ncon lo de esa zona&nbsp; en lo que hace al\nparque impositivo y l\u00edneas crediticias\u201d. Considera que \u201cnosotros estamos\npr\u00e1cticamente condenados&nbsp; a desaparecer\ncomo medianos y peque\u00f1os productores\u201d.&nbsp; <\/p>\n\n\n\n<p>Reiter\u00f3 que&nbsp; si bien las\npol\u00edticas&nbsp; agropecuarias\nprovinciales&nbsp;&nbsp; de ayuda para&nbsp; los medianos y peque\u00f1os productores\nlocales&nbsp; para sobrellevar la situaci\u00f3n,\nla Naci\u00f3n deber\u00eda activar los resortes para&nbsp;\nmovilizar las econom\u00edas regionales a trav\u00e9s de pol\u00edticas que tengan en\ncuenta la parte impositiva, crediticia&nbsp; y\nprecios regulados de combustibles.<\/p>\n\n\n\n<p>Critic\u00f3 duramente que \u201cnada de eso tienen en cuenta en gobierno\nnacional, ni siquiera figuramos en su agenda, y es ese justamente el\nreclamo&nbsp; que permanentemente estamos\nhaciendo.\u201d<\/p>\n\n\n\n<p>Finalmente destac\u00f3 que la ayuda del gobierno formose\u00f1o a los\nproductores de la zona, destacando que es \u201c\u00fanica en todas la provincias del\nnorte ya que Formosa posee infraestructura para hacer el acopio de algod\u00f3n&nbsp; en las planchadas y desmotadoras.\u201d&nbsp; <\/p>\n","protected":false},"excerpt":{"rendered":"<p>El director de la Federaci\u00f3n Agraria Argentina delegaci\u00f3n Formosa, Orlando Zieseniss, critic\u00f3 duramente al gobierno nacional por la falta de pol\u00edticas agropecuarias que no tienen en cuenta&nbsp; las econom\u00edas regionales. Al mismo tiempo asegur\u00f3 que \u201csi el gobierno provincial no tuviera pol\u00edticas concretas para el sector productivo local muchos de los peque\u00f1os y medianos productores [&hellip;]<\/p>\n","protected":false},"author":11,"featured_media":38148,"comment_status":"open","ping_status":"open","sticky":false,"template":"","format":"standard","meta":{"footnotes":""},"categories":[2],"tags":[],"class_list":["post-38143","post","type-post","status-publish","format-standard","has-post-thumbnail","hentry","category-locales"],"_links":{"self":[{"href":"http:\/\/informeformosa.com.ar\/index.php?rest_route=\/wp\/v2\/posts\/38143","targetHints":{"allow":["GET"]}}],"collection":[{"href":"http:\/\/informeformosa.com.ar\/index.php?rest_route=\/wp\/v2\/posts"}],"about":[{"href":"http:\/\/informeformosa.com.ar\/index.php?rest_route=\/wp\/v2\/types\/post"}],"author":[{"embeddable":true,"href":"http:\/\/informeformosa.com.ar\/index.php?rest_route=\/wp\/v2\/users\/11"}],"replies":[{"embeddable":true,"href":"http:\/\/informeformosa.com.ar\/index.php?rest_route=%2Fwp%2Fv2%2Fcomments&post=38143"}],"version-history":[{"count":1,"href":"http:\/\/informeformosa.com.ar\/index.php?rest_route=\/wp\/v2\/posts\/38143\/revisions"}],"predecessor-version":[{"id":38149,"href":"http:\/\/informeformosa.com.ar\/index.php?rest_route=\/wp\/v2\/posts\/38143\/revisions\/38149"}],"wp:featuredmedia":[{"embeddable":true,"href":"http:\/\/informeformosa.com.ar\/index.php?rest_route=\/wp\/v2\/media\/38148"}],"wp:attachment":[{"href":"http:\/\/informeformosa.com.ar\/index.php?rest_route=%2Fwp%2Fv2%2Fmedia&parent=38143"}],"wp:term":[{"taxonomy":"category","embeddable":true,"href":"http:\/\/informeformosa.com.ar\/index.php?rest_route=%2Fwp%2Fv2%2Fcategories&post=38143"},{"taxonomy":"post_tag","embeddable":true,"href":"http:\/\/informeformosa.com.ar\/index.php?rest_route=%2Fwp%2Fv2%2Ftags&post=38143"}],"curies":[{"name":"wp","href":"https:\/\/api.w.org\/{rel}","templated":true}]}}