{"id":38142,"date":"2019-07-24T19:12:53","date_gmt":"2019-07-24T22:12:53","guid":{"rendered":"http:\/\/informeformosa.com.ar\/?p=38142"},"modified":"2019-07-24T19:13:02","modified_gmt":"2019-07-24T22:13:02","slug":"el-diputado-samaniego-recrimino-el-doble-discurso-de-la-oposicion-local","status":"publish","type":"post","link":"http:\/\/informeformosa.com.ar\/?p=38142","title":{"rendered":"El diputado Samaniego recrimino el  \u201cdoble discurso\u201d de la oposici\u00f3n local"},"content":{"rendered":"\n<p>El doctor Agust\u00edn Samaniego, precandidato a diputado nacional\ndel Frente de Todos, marc\u00f3 la importancia de las pr\u00f3ximas elecciones PASO de\nagosto y las generales de octubre, subrayando que \u201cla llave para volver a poner\na la Argentina de pie est\u00e1 en cada uno de nosotros\u201d.<\/p>\n\n\n\n<p>\u201cHay que tomar conciencia de la importancia que tienen las\nelecciones en este momento tan complejo que vive nuestro pa\u00eds y que la llave\npara resolver esta situaci\u00f3n y volver a poner a la Argentina de pie est\u00e1 en\ncada uno de nosotros\u201d, enfatiz\u00f3 el actual diputado provincial.<\/p>\n\n\n\n<p>Remarc\u00f3 que \u201cno se trata de cambiar nombres, sino pol\u00edticas y\neso es lo que van a hacer Alberto Fern\u00e1ndez y Cristina Fern\u00e1ndez de Kirchner y,\nnosotros desde Formosa, por supuesto, vamos a ayudar en esa reconstrucci\u00f3n\u201d.<\/p>\n\n\n\n<p>\u201cComo legisladores nacionales hay que legislar, accionar y\ntrabajar para que la Argentina como pa\u00eds crezca, pero sin ninguna duda que cada\nuna de las provincias pone senadores y diputados para que un gran porcentaje de\nsu gesti\u00f3n sea defender los intereses de cada una\u201d, asever\u00f3.<\/p>\n\n\n\n<p>En ese sentido, critic\u00f3 la conducta de los legisladores\nformose\u00f1os de la oposici\u00f3n provincial, oficialistas a nivel nacional, ya que\n\u201cnunca estuvo Formosa dentro de sus prioridades\u201d.<\/p>\n\n\n\n<p>\u201cNunca los escuchamos decirle al presidente Mauricio Macri que\nno puede aumentar las tarifas en m\u00e1s de un 2600% o al ministro por qu\u00e9 han\nparalizado la obra del Gasoducto. O hacerles saber que los clorindenses est\u00e1n\nreclamando que la planta de agua potable de su localidad hace ocho meses que\nest\u00e1 detenida\u201d, reprendi\u00f3, acentuando que \u201cellos pueden ser oficialistas y\nmacristas, pero tienen la obligaci\u00f3n como legisladores formose\u00f1os de reclamar,\npor ejemplo, que la autov\u00eda de la ruta nacional 11 no est\u00e1 siendo terminada\u201d.<\/p>\n\n\n\n<p>En esa l\u00ednea, Samaniego conden\u00f3 el \u201cdoble discurso\u201d de los\nopositores porque \u201cen Buenos Aires defendieron los tarifazos y cuando ven\u00edan a\nFormosa culpaban a la empresa distribuidora REFSA. Es lamentable que aplaudan\ndecisiones nacionales que tanto da\u00f1o hicieron a la provincia en todo este\ntiempo\u201d.<\/p>\n\n\n\n<p>\u201cEso es lo que est\u00e1 en juego en las elecciones, ya que cuando\nuno se expone a una elecci\u00f3n est\u00e1 evaluando todo lo que va a hacer, pero\ntambi\u00e9n los antecedentes y lo que ha hecho en su trayectoria pol\u00edtica. M\u00e1s all\u00e1\nde los nombres, ac\u00e1 lo que se est\u00e1 votando son proyectos de pa\u00eds y cada\nprovincia vota de acuerdo a lo que le va a convenir a cada uno de los\nconciudadanos\u201d, finaliz\u00f3. <\/p>\n","protected":false},"excerpt":{"rendered":"<p>El doctor Agust\u00edn Samaniego, precandidato a diputado nacional del Frente de Todos, marc\u00f3 la importancia de las pr\u00f3ximas elecciones PASO de agosto y las generales de octubre, subrayando que \u201cla llave para volver a poner a la Argentina de pie est\u00e1 en cada uno de nosotros\u201d. \u201cHay que tomar conciencia de la importancia que tienen [&hellip;]<\/p>\n","protected":false},"author":11,"featured_media":38146,"comment_status":"open","ping_status":"open","sticky":false,"template":"","format":"standard","meta":{"footnotes":""},"categories":[3],"tags":[],"class_list":["post-38142","post","type-post","status-publish","format-standard","has-post-thumbnail","hentry","category-politica-y-economia"],"_links":{"self":[{"href":"http:\/\/informeformosa.com.ar\/index.php?rest_route=\/wp\/v2\/posts\/38142","targetHints":{"allow":["GET"]}}],"collection":[{"href":"http:\/\/informeformosa.com.ar\/index.php?rest_route=\/wp\/v2\/posts"}],"about":[{"href":"http:\/\/informeformosa.com.ar\/index.php?rest_route=\/wp\/v2\/types\/post"}],"author":[{"embeddable":true,"href":"http:\/\/informeformosa.com.ar\/index.php?rest_route=\/wp\/v2\/users\/11"}],"replies":[{"embeddable":true,"href":"http:\/\/informeformosa.com.ar\/index.php?rest_route=%2Fwp%2Fv2%2Fcomments&post=38142"}],"version-history":[{"count":1,"href":"http:\/\/informeformosa.com.ar\/index.php?rest_route=\/wp\/v2\/posts\/38142\/revisions"}],"predecessor-version":[{"id":38147,"href":"http:\/\/informeformosa.com.ar\/index.php?rest_route=\/wp\/v2\/posts\/38142\/revisions\/38147"}],"wp:featuredmedia":[{"embeddable":true,"href":"http:\/\/informeformosa.com.ar\/index.php?rest_route=\/wp\/v2\/media\/38146"}],"wp:attachment":[{"href":"http:\/\/informeformosa.com.ar\/index.php?rest_route=%2Fwp%2Fv2%2Fmedia&parent=38142"}],"wp:term":[{"taxonomy":"category","embeddable":true,"href":"http:\/\/informeformosa.com.ar\/index.php?rest_route=%2Fwp%2Fv2%2Fcategories&post=38142"},{"taxonomy":"post_tag","embeddable":true,"href":"http:\/\/informeformosa.com.ar\/index.php?rest_route=%2Fwp%2Fv2%2Ftags&post=38142"}],"curies":[{"name":"wp","href":"https:\/\/api.w.org\/{rel}","templated":true}]}}