{"id":38128,"date":"2019-07-24T19:06:33","date_gmt":"2019-07-24T22:06:33","guid":{"rendered":"http:\/\/informeformosa.com.ar\/?p=38128"},"modified":"2019-07-24T19:06:36","modified_gmt":"2019-07-24T22:06:36","slug":"parola-ratifica-la-fuerte-lucha-por-formosa-en-el-congreso","status":"publish","type":"post","link":"http:\/\/informeformosa.com.ar\/?p=38128","title":{"rendered":"Parola ratifica la fuerte lucha por Formosa\u201d en el Congreso"},"content":{"rendered":"\n<p>Graciela Parola, precandidata a diputada nacional del Frente de\nTodos, resalt\u00f3 que desde el Congreso Nacional \u201cvamos a pelear por todas las\nobras que han quedado pendientes para Formosa\u201d.<\/p>\n\n\n\n<p>\u201cNosotros apostamos a que Alberto Fern\u00e1ndez y Cristina Fern\u00e1ndez\nvan a llegar a la Casa Rosada y nosotros, los candidatos del Frente de Todos,\ncomo representantes del pueblo formose\u00f1o vamos a acompa\u00f1arlos en la gesti\u00f3n y\ntoda la legislaci\u00f3n que nos favorezca\u201d, subray\u00f3 la actual subsecretaria de\nNi\u00f1ez, Adolescencia y Familia.<\/p>\n\n\n\n<p>Puso de relieve que \u201cnos merecemos que nuestro Modelo Formose\u00f1o\npueda cumplir los objetivos que tenemos, nos merecemos el Acueducto, el\nGasoducto, las rutas nacionales realmente como corresponden y no a medio\nterminar y con comprovincianos que se mueren en accidentes de tr\u00e1nsito que\ntenemos que padecer por la desidia del Gobierno Nacional\u201d.<\/p>\n\n\n\n<p>\u201cVamos a pelear por todas las obras que han quedado pendientes\npara Formosa \u2013enfatiz\u00f3 la doctora Parola-. Tenemos toda la responsabilidad y el\ncompromiso y por supuesto todo el apoyo de nuestro conductor, el gobernador\nGildo Insfr\u00e1n\u201d.<\/p>\n\n\n\n<p>De manera contundente, signific\u00f3 que \u201csiempre decimos que los\nnombres son circunstanciales, nosotros somos candidatos del Modelo Formose\u00f1o y\ntenemos que recuperar el Gobierno Nacional\u201d. &nbsp;<\/p>\n","protected":false},"excerpt":{"rendered":"<p>Graciela Parola, precandidata a diputada nacional del Frente de Todos, resalt\u00f3 que desde el Congreso Nacional \u201cvamos a pelear por todas las obras que han quedado pendientes para Formosa\u201d. \u201cNosotros apostamos a que Alberto Fern\u00e1ndez y Cristina Fern\u00e1ndez van a llegar a la Casa Rosada y nosotros, los candidatos del Frente de Todos, como representantes [&hellip;]<\/p>\n","protected":false},"author":11,"featured_media":38140,"comment_status":"open","ping_status":"open","sticky":false,"template":"","format":"standard","meta":{"footnotes":""},"categories":[3],"tags":[],"class_list":["post-38128","post","type-post","status-publish","format-standard","has-post-thumbnail","hentry","category-politica-y-economia"],"_links":{"self":[{"href":"http:\/\/informeformosa.com.ar\/index.php?rest_route=\/wp\/v2\/posts\/38128","targetHints":{"allow":["GET"]}}],"collection":[{"href":"http:\/\/informeformosa.com.ar\/index.php?rest_route=\/wp\/v2\/posts"}],"about":[{"href":"http:\/\/informeformosa.com.ar\/index.php?rest_route=\/wp\/v2\/types\/post"}],"author":[{"embeddable":true,"href":"http:\/\/informeformosa.com.ar\/index.php?rest_route=\/wp\/v2\/users\/11"}],"replies":[{"embeddable":true,"href":"http:\/\/informeformosa.com.ar\/index.php?rest_route=%2Fwp%2Fv2%2Fcomments&post=38128"}],"version-history":[{"count":1,"href":"http:\/\/informeformosa.com.ar\/index.php?rest_route=\/wp\/v2\/posts\/38128\/revisions"}],"predecessor-version":[{"id":38141,"href":"http:\/\/informeformosa.com.ar\/index.php?rest_route=\/wp\/v2\/posts\/38128\/revisions\/38141"}],"wp:featuredmedia":[{"embeddable":true,"href":"http:\/\/informeformosa.com.ar\/index.php?rest_route=\/wp\/v2\/media\/38140"}],"wp:attachment":[{"href":"http:\/\/informeformosa.com.ar\/index.php?rest_route=%2Fwp%2Fv2%2Fmedia&parent=38128"}],"wp:term":[{"taxonomy":"category","embeddable":true,"href":"http:\/\/informeformosa.com.ar\/index.php?rest_route=%2Fwp%2Fv2%2Fcategories&post=38128"},{"taxonomy":"post_tag","embeddable":true,"href":"http:\/\/informeformosa.com.ar\/index.php?rest_route=%2Fwp%2Fv2%2Ftags&post=38128"}],"curies":[{"name":"wp","href":"https:\/\/api.w.org\/{rel}","templated":true}]}}