{"id":38124,"date":"2019-07-24T19:00:17","date_gmt":"2019-07-24T22:00:17","guid":{"rendered":"http:\/\/informeformosa.com.ar\/?p=38124"},"modified":"2019-07-24T19:00:19","modified_gmt":"2019-07-24T22:00:19","slug":"discrepancia-radical","status":"publish","type":"post","link":"http:\/\/informeformosa.com.ar\/?p=38124","title":{"rendered":"Discrepancia radical"},"content":{"rendered":"\n<p>El doctor Eduardo Davis, dirigente radical y coordinador del\nCentro Nelson Mandela, expres\u00f3 su desacuerdo con los candidatos formose\u00f1os a\ndiputados nacionales del espacio pol\u00edtico Juntos por el Cambio.<\/p>\n\n\n\n<p>\u201cTengo mis diferencias tanto con Ricardo Buryaile como con\nMart\u00edn Hern\u00e1ndez. En lo personal no voy a apoyar a ninguno y directamente no\nquiero aportar en ning\u00fan sentido\u201d, se\u00f1al\u00f3.<\/p>\n\n\n\n<p>Remarc\u00f3 que \u201cnosotros venimos cuestionando a esta dirigencia\npol\u00edtica que se ha apoderado de la Uni\u00f3n C\u00edvica Radical (UCR) y que es la\nresponsable directa de todo este desastre en el que est\u00e1 sumido nuestro\npartido\u201d.<\/p>\n\n\n\n<p>\u201cEsta dirigencia ha claudicado en todo lo que viene denunciando,\nnosotros siempre cuestionamos las reelecciones indefinidas y ah\u00ed tenemos a\nMart\u00edn Hern\u00e1ndez que es funcionario desde hace por lo menos 18 o 20 a\u00f1os. Es\nuna verg\u00fcenza. Lo mismo pasa con (Luis) Naidenoff, eterno senador nacional\u201d,\ncritic\u00f3 el letrado.<\/p>\n\n\n\n<p>Sum\u00f3 a su vez \u201ctodos los hechos de corrupci\u00f3n, como la\nmillonaria defraudaci\u00f3n al PAMI Formosa. Por eso no podemos permitir que siga\nesta gente\u201d, denunci\u00f3.<\/p>\n\n\n\n<p>\u201cYo, personalmente, no le doy mi apoyo a ninguno porque no me\nmerecen ning\u00fan tipo de confianza\u201d, manifest\u00f3, tajante <\/p>\n","protected":false},"excerpt":{"rendered":"<p>El doctor Eduardo Davis, dirigente radical y coordinador del Centro Nelson Mandela, expres\u00f3 su desacuerdo con los candidatos formose\u00f1os a diputados nacionales del espacio pol\u00edtico Juntos por el Cambio. \u201cTengo mis diferencias tanto con Ricardo Buryaile como con Mart\u00edn Hern\u00e1ndez. En lo personal no voy a apoyar a ninguno y directamente no quiero aportar en [&hellip;]<\/p>\n","protected":false},"author":11,"featured_media":38132,"comment_status":"open","ping_status":"open","sticky":false,"template":"","format":"standard","meta":{"footnotes":""},"categories":[3],"tags":[],"class_list":["post-38124","post","type-post","status-publish","format-standard","has-post-thumbnail","hentry","category-politica-y-economia"],"_links":{"self":[{"href":"http:\/\/informeformosa.com.ar\/index.php?rest_route=\/wp\/v2\/posts\/38124","targetHints":{"allow":["GET"]}}],"collection":[{"href":"http:\/\/informeformosa.com.ar\/index.php?rest_route=\/wp\/v2\/posts"}],"about":[{"href":"http:\/\/informeformosa.com.ar\/index.php?rest_route=\/wp\/v2\/types\/post"}],"author":[{"embeddable":true,"href":"http:\/\/informeformosa.com.ar\/index.php?rest_route=\/wp\/v2\/users\/11"}],"replies":[{"embeddable":true,"href":"http:\/\/informeformosa.com.ar\/index.php?rest_route=%2Fwp%2Fv2%2Fcomments&post=38124"}],"version-history":[{"count":1,"href":"http:\/\/informeformosa.com.ar\/index.php?rest_route=\/wp\/v2\/posts\/38124\/revisions"}],"predecessor-version":[{"id":38133,"href":"http:\/\/informeformosa.com.ar\/index.php?rest_route=\/wp\/v2\/posts\/38124\/revisions\/38133"}],"wp:featuredmedia":[{"embeddable":true,"href":"http:\/\/informeformosa.com.ar\/index.php?rest_route=\/wp\/v2\/media\/38132"}],"wp:attachment":[{"href":"http:\/\/informeformosa.com.ar\/index.php?rest_route=%2Fwp%2Fv2%2Fmedia&parent=38124"}],"wp:term":[{"taxonomy":"category","embeddable":true,"href":"http:\/\/informeformosa.com.ar\/index.php?rest_route=%2Fwp%2Fv2%2Fcategories&post=38124"},{"taxonomy":"post_tag","embeddable":true,"href":"http:\/\/informeformosa.com.ar\/index.php?rest_route=%2Fwp%2Fv2%2Ftags&post=38124"}],"curies":[{"name":"wp","href":"https:\/\/api.w.org\/{rel}","templated":true}]}}