{"id":38104,"date":"2019-07-23T19:22:03","date_gmt":"2019-07-23T22:22:03","guid":{"rendered":"http:\/\/informeformosa.com.ar\/?p=38104"},"modified":"2019-07-23T19:22:06","modified_gmt":"2019-07-23T22:22:06","slug":"para-samaniego-en-las-paso-es-el-momento-de-un-rotundo-no-a-macri","status":"publish","type":"post","link":"http:\/\/informeformosa.com.ar\/?p=38104","title":{"rendered":"Para Samaniego, en las PASO es el momento de un \u201crotundo no a Macri\u201d"},"content":{"rendered":"\n<p>El diputado provincial y candidato a un esca\u00f1o en la C\u00e1mara Baja\npor el FdT, Agust\u00edn Samaniego remarc\u00f3 que&nbsp;\nlas elecciones PASO del 11 agosto ser\u00e1 \u201cun momento trascendental en la\nhistoria argentina&nbsp; y&nbsp; sobre todo clave para empezar la construcci\u00f3n\nde una Argentina para todos&nbsp; de la mano\nde un gobierno nacional y popular.\u201d<\/p>\n\n\n\n<p>Reclam\u00f3 durante un encuentro con militantes del barrio San Jos\u00e9\nObrero de esta ciudad, que si bien&nbsp; todos\nlos argentinos han&nbsp; sufrido las\nconsecuencias&nbsp; de las pol\u00edticas\nneoliberales&nbsp; del gobierno de Mauricio\nMacri,&nbsp; \u201clos formose\u00f1os hemos soportado\nuna absoluta discriminaci\u00f3n&nbsp; en cuanto a\nla inversi\u00f3n p\u00fablica que hace la naci\u00f3n, ya que pr\u00e1cticamente desapareci\u00f3 en\nnuestra provincia.\u201d&nbsp; <\/p>\n\n\n\n<p>Asegur\u00f3 \u00f3 que las PASO ser\u00e1 el momento para decirle \u201cde manera\nrotunda un no a (Mauricio) Macri&nbsp; y a\npartir de ah\u00ed, empezar a construir poniendo en la casa rosada a un\ngobierno&nbsp; federal, que piense en todas\nlas provincias&nbsp; y que incluya a Formosa,\nno solamente para recibir, sino porque fundamentalmente tiene mucho para\ndar.\u201d&nbsp; <\/p>\n","protected":false},"excerpt":{"rendered":"<p>El diputado provincial y candidato a un esca\u00f1o en la C\u00e1mara Baja por el FdT, Agust\u00edn Samaniego remarc\u00f3 que&nbsp; las elecciones PASO del 11 agosto ser\u00e1 \u201cun momento trascendental en la historia argentina&nbsp; y&nbsp; sobre todo clave para empezar la construcci\u00f3n de una Argentina para todos&nbsp; de la mano de un gobierno nacional y popular.\u201d [&hellip;]<\/p>\n","protected":false},"author":11,"featured_media":38117,"comment_status":"open","ping_status":"open","sticky":false,"template":"","format":"standard","meta":{"footnotes":""},"categories":[2],"tags":[],"class_list":["post-38104","post","type-post","status-publish","format-standard","has-post-thumbnail","hentry","category-locales"],"_links":{"self":[{"href":"http:\/\/informeformosa.com.ar\/index.php?rest_route=\/wp\/v2\/posts\/38104","targetHints":{"allow":["GET"]}}],"collection":[{"href":"http:\/\/informeformosa.com.ar\/index.php?rest_route=\/wp\/v2\/posts"}],"about":[{"href":"http:\/\/informeformosa.com.ar\/index.php?rest_route=\/wp\/v2\/types\/post"}],"author":[{"embeddable":true,"href":"http:\/\/informeformosa.com.ar\/index.php?rest_route=\/wp\/v2\/users\/11"}],"replies":[{"embeddable":true,"href":"http:\/\/informeformosa.com.ar\/index.php?rest_route=%2Fwp%2Fv2%2Fcomments&post=38104"}],"version-history":[{"count":1,"href":"http:\/\/informeformosa.com.ar\/index.php?rest_route=\/wp\/v2\/posts\/38104\/revisions"}],"predecessor-version":[{"id":38118,"href":"http:\/\/informeformosa.com.ar\/index.php?rest_route=\/wp\/v2\/posts\/38104\/revisions\/38118"}],"wp:featuredmedia":[{"embeddable":true,"href":"http:\/\/informeformosa.com.ar\/index.php?rest_route=\/wp\/v2\/media\/38117"}],"wp:attachment":[{"href":"http:\/\/informeformosa.com.ar\/index.php?rest_route=%2Fwp%2Fv2%2Fmedia&parent=38104"}],"wp:term":[{"taxonomy":"category","embeddable":true,"href":"http:\/\/informeformosa.com.ar\/index.php?rest_route=%2Fwp%2Fv2%2Fcategories&post=38104"},{"taxonomy":"post_tag","embeddable":true,"href":"http:\/\/informeformosa.com.ar\/index.php?rest_route=%2Fwp%2Fv2%2Ftags&post=38104"}],"curies":[{"name":"wp","href":"https:\/\/api.w.org\/{rel}","templated":true}]}}