{"id":38094,"date":"2019-07-23T19:17:57","date_gmt":"2019-07-23T22:17:57","guid":{"rendered":"http:\/\/informeformosa.com.ar\/?p=38094"},"modified":"2019-07-23T19:18:00","modified_gmt":"2019-07-23T22:18:00","slug":"suben-las-segundas-y-terceras-marcas-porque-la-diferencia-con-las-primeras-llegan-hasta-un-50","status":"publish","type":"post","link":"http:\/\/informeformosa.com.ar\/?p=38094","title":{"rendered":"Suben las segundas y terceras marcas porque la  diferencia con las primeras llegan hasta un 50 %"},"content":{"rendered":"\n<p>Denunciaron\ndesde la Defensor\u00eda del Pueblo, que en nuestro mercado local, como consecuencia\nde la recesi\u00f3n econ\u00f3mica, el alto valor de las tarifas impuestas desde el\nGobierno Nacional, la falta de competencia, presi\u00f3n impositiva desmedida, falta\nde aplicaci\u00f3n de leyes vigentes, han determinado que el consumo masivo se haya\ndesplazado claramente hacia las segundas y terceras marcas de alimentos,\nbebidas y art\u00edculos de limpieza, donde en el primer trimestre ya ocuparon el\n42,8% del mercado total, frente al 32,6% en los primeros tres meses de 2016.<\/p>\n\n\n\n<p>Expuso\nla Defensor\u00eda que estas medidas cuestionadas fueron impuestas por la Secretar\u00eda\nde Comercio Interior del Ministerio de Producci\u00f3n y Trabajo, m\u00e1s otras \u00e1reas\ncompetentes.<\/p>\n\n\n\n<p>As\u00ed\ndesde 2016 a 2019, las marcas mayoristas y econ\u00f3micas pasaron de un\nparticipaci\u00f3n del 32,6% al 42,8% en unidades y del 21,5% al 27,7%\nenfacturaci\u00f3n, y por ello los\nconsumidores al tener, \u201c comprometidos mensualmente sus ingresos en mas de un\n50% aproximadamente para cubrir gastos de alquiler, medicamentos, vestimenta,\nservicios p\u00fablicos, tasas, impuestos y otros, no les queda alternativa que\nadquirir las denominadas segundas o terceras marcas en rubros esenciales como\nlo son los alimentos, bebidas, art\u00edculos de limpieza, que si son de menor\ncalidad en algunos casos y en otros llegan a igualar a los denominados de\nprimera marca; pero al no tener toda la publicidad y marketing que les hacen\nlos medios que son pagados por las empresas l\u00edderes, existe la -creencia\npopular- de que no son buenos art\u00edculos, cuando la realidad es otra. El Ombudsman\nProvincial Dr. Jos\u00e9 Leonardo Gialluca se\u00f1alo que todos los alimentos,\nmedicamentos, combustibles,&nbsp;&nbsp; se\nencuentran desde hace tiempo con precios liberados a las decisiones y\nvoluntades de los empresarios, entre tanto los trabajadores p\u00fablicos y privados\nposeen salarios en pesos y en un pa\u00eds donde una familia tipo necesita ganar m\u00e1s\nde $30.000 para cubrir los elementos de la Canasta B\u00e1sica Alimentaria, es\nconsecuencia de la falta de una pol\u00edtica econ\u00f3mica nacional y que no responda a\nintereses for\u00e1neos la que produce carencias dram\u00e1ticas que no hab\u00edamos visto ni\nen el 2.001. Por otra parte, los empresarios argentinos y extranjeros tambi\u00e9n desconf\u00edan\ny no acompa\u00f1an al actual Gobierno Nacional de Mauricio Macri y por ello las\ngrandes empresas venden por ejemplo: \u00abalimento l\u00e1cteo\u00bb, o queso\nrallado que no es tal<strong>.<\/strong><\/p>\n\n\n\n<p>Tambi\u00e9n\nalgunas de las grandes empresas alimenticias venden \u00abfalsa leche\u00bb\nrebajada con agua. Lo mismo sucede con quesos rallados que en realidad son pan\nrallado saborizado. La Seren\u00edsima tiene un \u201calimento a base de yogur\u201d que\nsimula ser yogur a un precio m\u00e1s bajo. Otra firma llamada La L\u00e1cteo tiene un\nproducto similar bajo la marca \u201cLactis\u201d, que tambi\u00e9n utiliza para un alimento a\nbase de leche. La Suipachense vende un sachet de leche que en realidad viene\ncon un 70 % de leche y 30% de una mezcla de agua y lactosa. Advertimos este fen\u00f3meno\nporque se ha dado un gran incremento en la venta de estos productos en los\n\u00faltimos meses. Sobre todo en alimentos l\u00e1cteos que supuestamente suplen a\nyogures, leches, leches chocolatadas o quesos pero que no lo son y que en su\npresentaci\u00f3n no advierte claramente a los consumidores que est\u00e1n comprando otra\ncosa, explico\nGialluca que son varios los consumidores que se quejan de que han comprado en\nnuestro supermercados, quesos sin sabor y con gusto a -platico-, productos de\nhigiene personal que por su calidad no cumplen con las funciones para que se\nlos adquiere; entonces si bien vemos que es importante que nuestras Pymes y\nproductores tengan un lugar en las g\u00f3ndolas, no podemos desconocer que en todos\nlos comercios denominados como de grandes superficies, abusan de la buena fe de\nlos consumidores, incumpliendo con el deber de informaci\u00f3n y ofreciendo malos\nproductos que en definitiva podr\u00edan afectar hasta la salud de ni\u00f1os y adultos\nmayores. <\/p>\n\n\n\n<p>La\n\u00fanica soluci\u00f3n para estos temas es que tengamos un Estado presente, y que haga\ncumplir las leyes y no permita que ni las empresas alimentarias, los\nlaboratorios, las petroleras, impongan\nprecios irracionales y tengan ganancias voluminosas, siendo que siempre tienen\nel pretexto o la justificaci\u00f3n para remarcar y con ello impedir el acceso a\nproductos de calidad para todos los consumidores, ya que los mismos saben que\njam\u00e1s ser\u00e1n controladas ni castigadas por un Gobierno Nacional que las defiende\ny deja sin protecci\u00f3n a los consumidores &#8211; usuarios.-<\/p>\n","protected":false},"excerpt":{"rendered":"<p>Denunciaron desde la Defensor\u00eda del Pueblo, que en nuestro mercado local, como consecuencia de la recesi\u00f3n econ\u00f3mica, el alto valor de las tarifas impuestas desde el Gobierno Nacional, la falta de competencia, presi\u00f3n impositiva desmedida, falta de aplicaci\u00f3n de leyes vigentes, han determinado que el consumo masivo se haya desplazado claramente hacia las segundas y [&hellip;]<\/p>\n","protected":false},"author":11,"featured_media":34136,"comment_status":"open","ping_status":"open","sticky":false,"template":"","format":"standard","meta":{"footnotes":""},"categories":[2],"tags":[],"class_list":["post-38094","post","type-post","status-publish","format-standard","has-post-thumbnail","hentry","category-locales"],"_links":{"self":[{"href":"http:\/\/informeformosa.com.ar\/index.php?rest_route=\/wp\/v2\/posts\/38094","targetHints":{"allow":["GET"]}}],"collection":[{"href":"http:\/\/informeformosa.com.ar\/index.php?rest_route=\/wp\/v2\/posts"}],"about":[{"href":"http:\/\/informeformosa.com.ar\/index.php?rest_route=\/wp\/v2\/types\/post"}],"author":[{"embeddable":true,"href":"http:\/\/informeformosa.com.ar\/index.php?rest_route=\/wp\/v2\/users\/11"}],"replies":[{"embeddable":true,"href":"http:\/\/informeformosa.com.ar\/index.php?rest_route=%2Fwp%2Fv2%2Fcomments&post=38094"}],"version-history":[{"count":1,"href":"http:\/\/informeformosa.com.ar\/index.php?rest_route=\/wp\/v2\/posts\/38094\/revisions"}],"predecessor-version":[{"id":38111,"href":"http:\/\/informeformosa.com.ar\/index.php?rest_route=\/wp\/v2\/posts\/38094\/revisions\/38111"}],"wp:featuredmedia":[{"embeddable":true,"href":"http:\/\/informeformosa.com.ar\/index.php?rest_route=\/wp\/v2\/media\/34136"}],"wp:attachment":[{"href":"http:\/\/informeformosa.com.ar\/index.php?rest_route=%2Fwp%2Fv2%2Fmedia&parent=38094"}],"wp:term":[{"taxonomy":"category","embeddable":true,"href":"http:\/\/informeformosa.com.ar\/index.php?rest_route=%2Fwp%2Fv2%2Fcategories&post=38094"},{"taxonomy":"post_tag","embeddable":true,"href":"http:\/\/informeformosa.com.ar\/index.php?rest_route=%2Fwp%2Fv2%2Ftags&post=38094"}],"curies":[{"name":"wp","href":"https:\/\/api.w.org\/{rel}","templated":true}]}}