{"id":38093,"date":"2019-07-23T19:16:43","date_gmt":"2019-07-23T22:16:43","guid":{"rendered":"http:\/\/informeformosa.com.ar\/?p=38093"},"modified":"2019-07-23T19:16:46","modified_gmt":"2019-07-23T22:16:46","slug":"jubilados-de-paseo-en-el-banado-la-estrella","status":"publish","type":"post","link":"http:\/\/informeformosa.com.ar\/?p=38093","title":{"rendered":"Jubilados de paseo en el ba\u00f1ado La Estrella"},"content":{"rendered":"\n<p>Una nutrida delegaci\u00f3n de jubilados\nprovinciales y nacionales pertenecientes al Centro 1\u00b0 de Mayo del Lote 4 y la\nComparsa Generaci\u00f3n 3.0 y en el marco del programa Turismo Social que lleva\nadelante la Caja de Previsi\u00f3n Social visit\u00f3 el ba\u00f1ado La Estrella. Disfrutaron\na pleno de una de las 7 maravillas naturales de la Argentina donde\nrealizaron&nbsp;&nbsp;gimnasia terap\u00e9utica y paseos por el espejo de agua. <\/p>\n\n\n\n<p>Incluso compartieron gratificantes\nmomentos con candidatos a diputados nacionales del Frente de Todos que\nacompa\u00f1aron a los pasivos.<\/p>\n\n\n\n<p>El paseo incluy\u00f3 visitas a Palo Sato,\nIbarreta, Las Lomitas,&nbsp; donde hicieron\nnoche y Campo de Cielo. All\u00ed, la generaci\u00f3n formose\u00f1a m\u00e1s activa conoci\u00f3\nhistorias ancestrales de la comunidad originaria y adquirieron artesan\u00edas.<\/p>\n\n\n\n<p>El administrador de la Caja, Dr. Gustavo\nL\u00f3pez Pe\u00f1a, estuvo tambi\u00e9n junto a los pasivos en una jornada inolvidable, que\ncomenz\u00f3 este s\u00e1bado por la ma\u00f1ana en la partida desde la capital hacia el\ndestino tur\u00edstico.<\/p>\n\n\n\n<p>Tambi\u00e9n acompa\u00f1aron a la Generaci\u00f3n 3.0\nlos candidatos a diputados nacionales, Graciela Parola, Patricia Pastor y Lucas\nRodr\u00edguez.<\/p>\n\n\n\n<p>El periplo concluy\u00f3 con un almuerzo de\ncamarader\u00eda en un establecimiento campestre ubicado sobre la ruta provincial 28\na pocos kil\u00f3metros del certedero.<\/p>\n\n\n\n<p>Turismo Social es una iniciativa de la\nCaja de Previsi\u00f3n Social que cuenta con la colaboraci\u00f3n estrecha del Ministerio\nde Turismo de la provincia.<\/p>\n\n\n\n<p>Durante el viaje los jubilados y\npensionados fueron atendidos en todo momento por los agentes previsionales y\nt\u00e9cnicos del Ministerio de Turismo.<\/p>\n","protected":false},"excerpt":{"rendered":"<p>Una nutrida delegaci\u00f3n de jubilados provinciales y nacionales pertenecientes al Centro 1\u00b0 de Mayo del Lote 4 y la Comparsa Generaci\u00f3n 3.0 y en el marco del programa Turismo Social que lleva adelante la Caja de Previsi\u00f3n Social visit\u00f3 el ba\u00f1ado La Estrella. Disfrutaron a pleno de una de las 7 maravillas naturales de la [&hellip;]<\/p>\n","protected":false},"author":11,"featured_media":38109,"comment_status":"open","ping_status":"open","sticky":false,"template":"","format":"standard","meta":{"footnotes":""},"categories":[19],"tags":[],"class_list":["post-38093","post","type-post","status-publish","format-standard","has-post-thumbnail","hentry","category-turismo"],"_links":{"self":[{"href":"http:\/\/informeformosa.com.ar\/index.php?rest_route=\/wp\/v2\/posts\/38093","targetHints":{"allow":["GET"]}}],"collection":[{"href":"http:\/\/informeformosa.com.ar\/index.php?rest_route=\/wp\/v2\/posts"}],"about":[{"href":"http:\/\/informeformosa.com.ar\/index.php?rest_route=\/wp\/v2\/types\/post"}],"author":[{"embeddable":true,"href":"http:\/\/informeformosa.com.ar\/index.php?rest_route=\/wp\/v2\/users\/11"}],"replies":[{"embeddable":true,"href":"http:\/\/informeformosa.com.ar\/index.php?rest_route=%2Fwp%2Fv2%2Fcomments&post=38093"}],"version-history":[{"count":1,"href":"http:\/\/informeformosa.com.ar\/index.php?rest_route=\/wp\/v2\/posts\/38093\/revisions"}],"predecessor-version":[{"id":38110,"href":"http:\/\/informeformosa.com.ar\/index.php?rest_route=\/wp\/v2\/posts\/38093\/revisions\/38110"}],"wp:featuredmedia":[{"embeddable":true,"href":"http:\/\/informeformosa.com.ar\/index.php?rest_route=\/wp\/v2\/media\/38109"}],"wp:attachment":[{"href":"http:\/\/informeformosa.com.ar\/index.php?rest_route=%2Fwp%2Fv2%2Fmedia&parent=38093"}],"wp:term":[{"taxonomy":"category","embeddable":true,"href":"http:\/\/informeformosa.com.ar\/index.php?rest_route=%2Fwp%2Fv2%2Fcategories&post=38093"},{"taxonomy":"post_tag","embeddable":true,"href":"http:\/\/informeformosa.com.ar\/index.php?rest_route=%2Fwp%2Fv2%2Ftags&post=38093"}],"curies":[{"name":"wp","href":"https:\/\/api.w.org\/{rel}","templated":true}]}}