{"id":38092,"date":"2019-07-23T19:14:06","date_gmt":"2019-07-23T22:14:06","guid":{"rendered":"http:\/\/informeformosa.com.ar\/?p=38092"},"modified":"2019-07-23T19:14:09","modified_gmt":"2019-07-23T22:14:09","slug":"basterra-recordo-el-3-a-0-del-2011-y-estimulo-a-los-militantes-a-repetirlo","status":"publish","type":"post","link":"http:\/\/informeformosa.com.ar\/?p=38092","title":{"rendered":"Basterra record\u00f3 el \u201c3 a 0\u201d del 2011 y estimulo a los militantes a repetirlo"},"content":{"rendered":"\n<p>Tras recordar que en el 2011 fuera el candidato ha diputado\nnacional en tercer t\u00e9rmino y resultara electo luego de un triunfo electoral\ncateg\u00f3rico del PJ local, el legislador Luis Basterra estimulo a la militancia\ndiciendo que \u201cya se hizo y puede renovarse\u201d.<\/p>\n\n\n\n<p>Expuso cifras de los recientes comicios relativos al circuito 1\nde esta capital donde junto a otros aspirantes a la C\u00e1mara Baja por el Frente\nde Todos mantuvo una charla con la dirigencia y militancia justicialista.\n\u201cLogramos casi el 57% de los votos en el circuito 1, contra el 43% de los\ncomicios anteriores, un triunfo contundente\u201d, expuso, admitiendo que \u201cno\nalcanza para el tercer diputado nacional\u201d, y expuso la necesidad de \u201ctriplicar\na nuestra oposici\u00f3n y conseguir el ingreso de Agust\u00edn (Samaniego) junto a la\ncompa\u00f1era Graciela Parola\u201d-<\/p>\n\n\n\n<p>Record\u00f3 que ya existen antecedentes, fue en el 2011, donde el\nmismo Basterra fue el tercer candidato e ingreso a la C\u00e1mara Baja porque\n\u201chicimos el 3 a 0, demostrativo de que es algo que se puede lograr nuevamente\u201d.\n<\/p>\n\n\n\n<p>\u201cCreemos que nos falta poco, y el mismo gobernador nos indico\nclaramente de que tenemos la obligaci\u00f3n, no por hacer alarde de que somos\npoderosos, sino para tener m\u00e1s energ\u00eda con tres diputados defendiendo el modelo\nformose\u00f1os y acompa\u00f1ando los proyectos de obras que han sido eliminadas del\npresupuesto nacional\u201d, clarifico Basterra, el cabeza de lista para los comicios\nnacionales que se avecinan.<\/p>\n\n\n\n<p>Dijo que \u201ces un desaf\u00edo el que nos estamos proponiendo ante esta\nadversidad que soy optimista saldremos pese a ser muy brava la parada\u201d.<\/p>\n\n\n\n<p>Renov\u00f3 su llamamiento de \u201cmilitar activamente en el campo f\u00e9rtil\nque existe en el seno de la ciudadan\u00eda que asegura no votar mas a Macri pero\nque duda en apoyarnos porque asegura que todos somos iguales. Aclaremos y con\nejemplos claros que no es as\u00ed, que representamos un modelo para todos y todas,\nque queremos una Argentina diferente y existen sobradas evidencias que cada vez\nque nos toco gobernar la realidad fue muy diferente a esta naci\u00f3n destruida\u201d. <\/p>\n\n\n\n<p>Insisti\u00f3 concluyente de que \u201cnecesitamos un triunfo contundente\npara que los tres legisladores nacionales que sean elegidos pertenezcan al\nFrente de Todos\u201d. Acuso Basterra que \u201clos diputados formose\u00f1os del macrismo\nvotaron todo en contra de lo que beneficiaba a la provincia, y eso debemos\ndejar muy en claro a los formose\u00f1os, sobre todos a los que votaron a Cambiemos\ny se vieron estafados por las mentiras de campa\u00f1a, ya lo hicieron antes y lo\nest\u00e1n haciendo ahora\u201d <\/p>\n\n\n\n<p>Sobre el final aludi\u00f3 a que \u201cse acent\u00faa cada vez m\u00e1s la brecha\nentre el libreto de campa\u00f1a del macrismo y la realidad\u201d, advirtiendo que \u201ctodas\nestas mentiras terminan siendo un grav\u00edsimo da\u00f1o al compa\u00f1ero gobernador Gildo\nInsfran\u201d, haciendo un concluyente llamamiento a \u201cbajo esta consigna militemos\ncon fuerza exponiendo este relato nacional al que ya no hay int\u00e9rpretes que lo\npuedan sostener\u201d. <\/p>\n","protected":false},"excerpt":{"rendered":"<p>Tras recordar que en el 2011 fuera el candidato ha diputado nacional en tercer t\u00e9rmino y resultara electo luego de un triunfo electoral categ\u00f3rico del PJ local, el legislador Luis Basterra estimulo a la militancia diciendo que \u201cya se hizo y puede renovarse\u201d. Expuso cifras de los recientes comicios relativos al circuito 1 de esta [&hellip;]<\/p>\n","protected":false},"author":11,"featured_media":38101,"comment_status":"open","ping_status":"open","sticky":false,"template":"","format":"standard","meta":{"footnotes":""},"categories":[2],"tags":[],"class_list":["post-38092","post","type-post","status-publish","format-standard","has-post-thumbnail","hentry","category-locales"],"_links":{"self":[{"href":"http:\/\/informeformosa.com.ar\/index.php?rest_route=\/wp\/v2\/posts\/38092","targetHints":{"allow":["GET"]}}],"collection":[{"href":"http:\/\/informeformosa.com.ar\/index.php?rest_route=\/wp\/v2\/posts"}],"about":[{"href":"http:\/\/informeformosa.com.ar\/index.php?rest_route=\/wp\/v2\/types\/post"}],"author":[{"embeddable":true,"href":"http:\/\/informeformosa.com.ar\/index.php?rest_route=\/wp\/v2\/users\/11"}],"replies":[{"embeddable":true,"href":"http:\/\/informeformosa.com.ar\/index.php?rest_route=%2Fwp%2Fv2%2Fcomments&post=38092"}],"version-history":[{"count":1,"href":"http:\/\/informeformosa.com.ar\/index.php?rest_route=\/wp\/v2\/posts\/38092\/revisions"}],"predecessor-version":[{"id":38102,"href":"http:\/\/informeformosa.com.ar\/index.php?rest_route=\/wp\/v2\/posts\/38092\/revisions\/38102"}],"wp:featuredmedia":[{"embeddable":true,"href":"http:\/\/informeformosa.com.ar\/index.php?rest_route=\/wp\/v2\/media\/38101"}],"wp:attachment":[{"href":"http:\/\/informeformosa.com.ar\/index.php?rest_route=%2Fwp%2Fv2%2Fmedia&parent=38092"}],"wp:term":[{"taxonomy":"category","embeddable":true,"href":"http:\/\/informeformosa.com.ar\/index.php?rest_route=%2Fwp%2Fv2%2Fcategories&post=38092"},{"taxonomy":"post_tag","embeddable":true,"href":"http:\/\/informeformosa.com.ar\/index.php?rest_route=%2Fwp%2Fv2%2Ftags&post=38092"}],"curies":[{"name":"wp","href":"https:\/\/api.w.org\/{rel}","templated":true}]}}