{"id":38090,"date":"2019-07-23T19:01:37","date_gmt":"2019-07-23T22:01:37","guid":{"rendered":"http:\/\/informeformosa.com.ar\/?p=38090"},"modified":"2019-07-23T19:01:41","modified_gmt":"2019-07-23T22:01:41","slug":"el-pj-recordara-a-evita-a-67-anos-de-su-fallecimiento","status":"publish","type":"post","link":"http:\/\/informeformosa.com.ar\/?p=38090","title":{"rendered":"El PJ recordar\u00e1 a Evita a 67 a\u00f1os de su fallecimiento"},"content":{"rendered":"\n<p>A poco de cumplirse 67 a\u00f1os del\nfallecimiento de Eva Per\u00f3n, la secretaria de la Mujer, la licenciada Ang\u00e9lica\nGarc\u00eda, ponder\u00f3 la figura de la abanderada de los humildes, subrayando que \u201cen\nFormosa cumplimos cabalmente ese legado que nos dejara el general Juan Domingo\nPer\u00f3n y la inmortal compa\u00f1era Evita\u201d.&nbsp;<\/p>\n\n\n\n<p>\u201cEl Partido Justicialista Distrito\nFormosa har\u00e1 el acto donde se rendir\u00e1 el merecido homenaje a quien es la\nabanderada de los humildes y que transit\u00f3 a la inmortalidad el 26 de julio de\n1952\u201d, indic\u00f3 la funcionaria, informando que el acto conmemorativo se har\u00e1 frente\nal busto que perpet\u00faa la memoria de Evita, en la intersecci\u00f3n de la calle Eva\nPer\u00f3n con la Avenida 25 de Mayo, a las 19 horas.<\/p>\n\n\n\n<p>Remarc\u00f3 que \u201chace 67 a\u00f1os Evita que\nparti\u00f3, pero sigue tan vigente como en ese entonces, con su ejemplo, como una\nluchadora inclaudicable y como una mujer que cambi\u00f3 el rumbo del pa\u00eds. Sin\ndejar de ser nuestra, ya no nos pertenece a los peronistas, sino que es parte\nde la historia universal\u201d.<\/p>\n\n\n\n<p>\u201cEst\u00e1n todas y todos invitados a este\nacto de homenaje, en recordaci\u00f3n al tr\u00e1nsito a la inmortalidad de Mar\u00eda Eva\nDuarte de Per\u00f3n, para nosotros los peronistas Evita y la abanderada de los\nhumildes, la mujer que dio su vida a los que menos tienen y los despose\u00eddos y\nque hizo de su vida una entrega absoluta para las familias, los j\u00f3venes, los\nadultos, los abuelos y los ni\u00f1os, que eran los \u00fanicos privilegiados y lo siguen\nsiendo\u201d, enfatiz\u00f3.<\/p>\n\n\n\n<p>En ese sentido, destac\u00f3 que \u201cen\nFormosa cumplimos cabalmente ese legado que nos dejara el general Juan Domingo\nPer\u00f3n y la compa\u00f1era Evita en su corta vida, porque se nos fue a los 33 a\u00f1os\u201d.<\/p>\n\n\n\n<p>\u201cDecimos que ella es inmortal porque\nsu legado sigue tan vigente como lo iniciara ella en esa decisi\u00f3n y en ese\nsentir que ten\u00eda hacia los m\u00e1s humildes, los m\u00e1s necesitados, los ni\u00f1os, los\nenfermos, los j\u00f3venes, los hombres, las mujeres, es decir, absolutamente todos\nnos sent\u00edamos protegidos con las pol\u00edticas p\u00fablicas implementadas por Per\u00f3n,\nacompa\u00f1ado permanentemente por Eva Per\u00f3n\u201d, resalt\u00f3.&nbsp;<\/p>\n\n\n\n<p>Hizo notar la secretaria de la Mujer\nque \u201cno era un asistencialismo lo que hac\u00eda Evita, sino que era la solidaridad\nhecha justicia social y esa justicia social, hoy m\u00e1s que nunca, es necesaria\naplicar en nuestro pa\u00eds porque este Gobierno Nacional de Mauricio Macri lo que\nmenos hace es cumplir con la justicia social\u201d.<\/p>\n\n\n\n<p>\u201cHoy m\u00e1s que nunca, este 26 de julio,\nen el tr\u00e1nsito a la inmortalidad de la abanderada de los humildes, vamos a\nrendirle un merecido homenaje a Evita, el cual ser\u00e1 nada m\u00e1s ni nada menos que\nla reafirmaci\u00f3n como militantes de seguir enarbolando las banderas de Per\u00f3n y Eva,\ncumpliendo con su legado y llevando a cabo la revoluci\u00f3n peronista. Por eso\nestamos seguros de que volveremos a ser Gobierno en el orden nacional\u201d,\nfinaliz\u00f3.&nbsp;<\/p>\n","protected":false},"excerpt":{"rendered":"<p>A poco de cumplirse 67 a\u00f1os del fallecimiento de Eva Per\u00f3n, la secretaria de la Mujer, la licenciada Ang\u00e9lica Garc\u00eda, ponder\u00f3 la figura de la abanderada de los humildes, subrayando que \u201cen Formosa cumplimos cabalmente ese legado que nos dejara el general Juan Domingo Per\u00f3n y la inmortal compa\u00f1era Evita\u201d.&nbsp; \u201cEl Partido Justicialista Distrito Formosa [&hellip;]<\/p>\n","protected":false},"author":11,"featured_media":38097,"comment_status":"open","ping_status":"open","sticky":false,"template":"","format":"standard","meta":{"footnotes":""},"categories":[2],"tags":[],"class_list":["post-38090","post","type-post","status-publish","format-standard","has-post-thumbnail","hentry","category-locales"],"_links":{"self":[{"href":"http:\/\/informeformosa.com.ar\/index.php?rest_route=\/wp\/v2\/posts\/38090","targetHints":{"allow":["GET"]}}],"collection":[{"href":"http:\/\/informeformosa.com.ar\/index.php?rest_route=\/wp\/v2\/posts"}],"about":[{"href":"http:\/\/informeformosa.com.ar\/index.php?rest_route=\/wp\/v2\/types\/post"}],"author":[{"embeddable":true,"href":"http:\/\/informeformosa.com.ar\/index.php?rest_route=\/wp\/v2\/users\/11"}],"replies":[{"embeddable":true,"href":"http:\/\/informeformosa.com.ar\/index.php?rest_route=%2Fwp%2Fv2%2Fcomments&post=38090"}],"version-history":[{"count":1,"href":"http:\/\/informeformosa.com.ar\/index.php?rest_route=\/wp\/v2\/posts\/38090\/revisions"}],"predecessor-version":[{"id":38098,"href":"http:\/\/informeformosa.com.ar\/index.php?rest_route=\/wp\/v2\/posts\/38090\/revisions\/38098"}],"wp:featuredmedia":[{"embeddable":true,"href":"http:\/\/informeformosa.com.ar\/index.php?rest_route=\/wp\/v2\/media\/38097"}],"wp:attachment":[{"href":"http:\/\/informeformosa.com.ar\/index.php?rest_route=%2Fwp%2Fv2%2Fmedia&parent=38090"}],"wp:term":[{"taxonomy":"category","embeddable":true,"href":"http:\/\/informeformosa.com.ar\/index.php?rest_route=%2Fwp%2Fv2%2Fcategories&post=38090"},{"taxonomy":"post_tag","embeddable":true,"href":"http:\/\/informeformosa.com.ar\/index.php?rest_route=%2Fwp%2Fv2%2Ftags&post=38090"}],"curies":[{"name":"wp","href":"https:\/\/api.w.org\/{rel}","templated":true}]}}