{"id":38066,"date":"2019-07-22T20:36:48","date_gmt":"2019-07-22T23:36:48","guid":{"rendered":"http:\/\/informeformosa.com.ar\/?p=38066"},"modified":"2019-07-22T20:36:51","modified_gmt":"2019-07-22T23:36:51","slug":"basterra-categorico-en-macri-se-conjugan-incapacidad-y-mentiras","status":"publish","type":"post","link":"http:\/\/informeformosa.com.ar\/?p=38066","title":{"rendered":"Basterra, categ\u00f3rico: \u201cEn Macri se conjugan incapacidad y mentiras\u201d"},"content":{"rendered":"\n<p>El precandidato a\ndiputado nacional de Formosa por el Frente de Todos, Luis Basterra, remarc\u00f3 que\nen las pr\u00f3ximas elecciones nacionales se deber\u00e1 optar por el modelo de Mauricio\nMacri, \u201cde profundizaci\u00f3n de la entrega de la Naci\u00f3n, ricos cada vez m\u00e1s ricos\ny la gente cada vez m\u00e1s pobre\u201d o \u201cponer de pie a la Argentina y empezar a\ngobernar para los argentinos\u201d.<\/p>\n\n\n\n<p>De manera categ\u00f3rica,\nel legislador que busca renovar su mandato en los pr\u00f3ximos comicios encabezando\nla lista del FdT en Formosa, conden\u00f3 que \u201cdesde que asumi\u00f3 Macri son miles las\nempresas que han cerrado\u201d, reprochando que \u201ccuando se multiplican esos\nlamentables n\u00fameros por la cantidad de trabajadores la realidad es apabullante\nporque no se trata de vacas, son familias que se quedan sin su ingreso, lo cual\nfinalmente representa un incremento de la pobreza y la desocupaci\u00f3n\u201d.<\/p>\n\n\n\n<p>\u201cLamentablemente para\nlos argentinos hay una incapacidad para gobernar por parte de Macri y de su\nequipo y, a la vez, un empeoramiento de todos los \u00edndices, los cuales \u00e9l\nprometi\u00f3 resolver. Entonces, se conjugan incapacidad con mentiras\u201d.<\/p>\n\n\n\n<p>Hizo notar el\nlegislador que \u201ceso es lo que hoy tenemos que discutir y debatir en nuestra\nsociedad porque se aproximan las elecciones PASO, previas a las generales, y lo\nque los argentinos decidamos va a tener impacto inmediato sobre los pr\u00f3ximos\ncuatro a\u00f1os\u201d.<\/p>\n\n\n\n<p>En ese sentido,\nlament\u00f3 que \u201cel tipo de decisiones que toma Macri lo trascienden, ya que no es\nque se termina cuando \u00e9l se va; lo que hace est\u00e1 dejando una destrucci\u00f3n que va\na llevar mucho tiempo solucionar\u201d, advirtiendo que \u201ccuatro a\u00f1os m\u00e1s de Macri\nnos ponen a todos los argentinos en una situaci\u00f3n que va a ser realmente muy,\npero muy dif\u00edcil\u201d.<\/p>\n\n\n\n<p>\u201cCada uno de nosotros\ntiene que tomar real dimensi\u00f3n de esto y hablarlo con el vecino, el familiar, el\ncompa\u00f1ero, el amigo, etc\u00e9tera, y decidir un camino distinto al que est\u00e1\nproponiendo Macri, que es profundizar lo que hizo hasta ahora\u201d, alert\u00f3 el\ndiputado Basterra.<\/p>\n\n\n\n<p><strong>\u201cMentirosos seriales\u201d<\/strong><\/p>\n\n\n\n<p>Consultado sobre si\nposible un fraude electoral, el precandidato previno diciendo que \u201cuno de esta\ngente puede esperar cualquier cosa\u201d, argumentando que \u201cMacri esa sido un\nmentiroso serial y adem\u00e1s tiene gente que opera sobre lo que es la percepci\u00f3n\ndel ciudadano que no est\u00e1 involucrado en pol\u00edtica\u201d.<\/p>\n\n\n\n<p>\u201cEs capaz de cambiarle\nla imagen a ese individuo porque ya lo hizo (Jaime) Dur\u00e1n Barba, que le cambi\u00f3\nla connotaci\u00f3n negativa que ten\u00eda el apellido \u2018Macri\u2019 haciendo que lo llamen\n\u2018Mauricio\u2019, para quitarle de encima la marca Macri y todos los hechos de\ncorrupci\u00f3n que ten\u00eda, como por ejemplo como las coimas y la estafa de las\ncloacas de Mor\u00f3n\u201d, record\u00f3.<\/p>\n\n\n\n<p>Contundente, subray\u00f3\nque \u201ccualquier ciudadano que toma la pol\u00edtica en serio no puede negar que es un\nmentiroso serial y que adem\u00e1s es una persona que ha cometido il\u00edcitos de manera\nsistem\u00e1tica, evadiendo dinero, pagando coimas y una infinidad de cosas m\u00e1s que\nson realmente preocupantes\u201d.<\/p>\n\n\n\n<p>Subray\u00f3 en esa l\u00ednea\nque \u201cla gente tiene hoy la evidencia, primero, de que Macri minti\u00f3; en un\nsegundo orden, que con todas sus mentiras fue incapaz de gobernar para la gente\ny, tercero, los \u00fanicos que han ganado con el Gobierno de Macri son las empresas\nque han concentrado la provisi\u00f3n de servicios y las financieras, que son todos\namigos de \u00e9l y familiares\u201d.<\/p>\n\n\n\n<p>Ante ello, fue\nterminante Basterra al plantear que de cara a los comicios nacionales \u201cla\nelecci\u00f3n es sencilla: o es Macri y profundizar esta entrega de la Naci\u00f3n y este\nmodelo de ricos cada vez m\u00e1s ricos y la gente cada vez m\u00e1s pobre o poner de pie\na la Argentina y empezar a gobernar para los argentinos, en un tr\u00e1nsito que va\na ser dif\u00edcil, ya que no ser\u00e1 sencillo porque no hay soluciones m\u00e1gicas\u201d.<\/p>\n","protected":false},"excerpt":{"rendered":"<p>El precandidato a diputado nacional de Formosa por el Frente de Todos, Luis Basterra, remarc\u00f3 que en las pr\u00f3ximas elecciones nacionales se deber\u00e1 optar por el modelo de Mauricio Macri, \u201cde profundizaci\u00f3n de la entrega de la Naci\u00f3n, ricos cada vez m\u00e1s ricos y la gente cada vez m\u00e1s pobre\u201d o \u201cponer de pie a [&hellip;]<\/p>\n","protected":false},"author":11,"featured_media":38074,"comment_status":"open","ping_status":"open","sticky":false,"template":"","format":"standard","meta":{"footnotes":""},"categories":[6],"tags":[],"class_list":["post-38066","post","type-post","status-publish","format-standard","has-post-thumbnail","hentry","category-nacionales"],"_links":{"self":[{"href":"http:\/\/informeformosa.com.ar\/index.php?rest_route=\/wp\/v2\/posts\/38066","targetHints":{"allow":["GET"]}}],"collection":[{"href":"http:\/\/informeformosa.com.ar\/index.php?rest_route=\/wp\/v2\/posts"}],"about":[{"href":"http:\/\/informeformosa.com.ar\/index.php?rest_route=\/wp\/v2\/types\/post"}],"author":[{"embeddable":true,"href":"http:\/\/informeformosa.com.ar\/index.php?rest_route=\/wp\/v2\/users\/11"}],"replies":[{"embeddable":true,"href":"http:\/\/informeformosa.com.ar\/index.php?rest_route=%2Fwp%2Fv2%2Fcomments&post=38066"}],"version-history":[{"count":1,"href":"http:\/\/informeformosa.com.ar\/index.php?rest_route=\/wp\/v2\/posts\/38066\/revisions"}],"predecessor-version":[{"id":38075,"href":"http:\/\/informeformosa.com.ar\/index.php?rest_route=\/wp\/v2\/posts\/38066\/revisions\/38075"}],"wp:featuredmedia":[{"embeddable":true,"href":"http:\/\/informeformosa.com.ar\/index.php?rest_route=\/wp\/v2\/media\/38074"}],"wp:attachment":[{"href":"http:\/\/informeformosa.com.ar\/index.php?rest_route=%2Fwp%2Fv2%2Fmedia&parent=38066"}],"wp:term":[{"taxonomy":"category","embeddable":true,"href":"http:\/\/informeformosa.com.ar\/index.php?rest_route=%2Fwp%2Fv2%2Fcategories&post=38066"},{"taxonomy":"post_tag","embeddable":true,"href":"http:\/\/informeformosa.com.ar\/index.php?rest_route=%2Fwp%2Fv2%2Ftags&post=38066"}],"curies":[{"name":"wp","href":"https:\/\/api.w.org\/{rel}","templated":true}]}}