{"id":38051,"date":"2019-07-21T19:41:52","date_gmt":"2019-07-21T22:41:52","guid":{"rendered":"http:\/\/informeformosa.com.ar\/?p=38051"},"modified":"2019-07-22T07:50:44","modified_gmt":"2019-07-22T10:50:44","slug":"ingeniero-juarez-celebro-sus-89-anos","status":"publish","type":"post","link":"http:\/\/informeformosa.com.ar\/?p=38051","title":{"rendered":"Ingeniero Ju\u00e1rez celebro sus 89 a\u00f1os"},"content":{"rendered":"\n<p>Con gran adhesi\u00f3n comunitaria, la\nlocalidad de Ingeniero Ju\u00e1rez celebro este domingo su cumplea\u00f1os 89, en el\nmarco de una jornada donde se aprecio la rica mixtura cultural de la zona donde\nhabitan criollos y abor\u00edgenes recreando el car\u00e1cter multi\u00e9tnico y pluricultural\nde la provincia.<\/p>\n\n\n\n<p>El intendente Rafael Nacif fue el\nanfitri\u00f3n de una legi\u00f3n de legisladores nacionales y provinciales como el\nvicepresidente primero de la Legislatura, Agust\u00edn Samaniego, el diputado\nnacional Luis Basterra, parlamentarios de la zona como Roberto Vizca\u00edno, el\nsubsecretario de la Comunidad, Miguel Insfran, el asesor de gobierno, Cristino\nMendoza, jefes comunales y la comunidad de la regi\u00f3n que se sumo masivamente a\nlos festejos.<\/p>\n\n\n\n<p>Tras la bienvenida a los visitantes,\nNacif ratifico el llamamiento a la \u201cunidad\u201d, considerando que \u201ces el valor que\nconsolidara todo este proceso de desarrollo de nuestra localidad que gracias a\nla gesti\u00f3n del gobernador Gildo Insfran se encuentra plenamente integrada\nsocial y territorialmente\u201d. <\/p>\n\n\n\n<p>Expuso su convencimiento de que \u201cas\u00ed\ncomo lo hicimos el 16 de junio, en los comicios que se vienen por delante y con\nla boleta completa del Frente de Todos, el modelo nacional y popular retomara\nel gobierno en el pa\u00eds\u201d. Llamo a votar por la formula Alberto\nFern\u00e1ndez-Cristina Fern\u00e1ndez de Kirchner, y en Formosa a los aspirantes a la\nC\u00e1mara Baja: Luis Basterra, Graciela Parola y Agust\u00edn Samaniego.<\/p>\n\n\n\n<p>En horas tempranas, las autoridades\ncompartieron un rico chocolate y luego tomaron parte del acto central sobre la\navenida Juan Deggen. All\u00ed hubo reconocimiento a familiares de primeros\npobladores y un gran desfile c\u00edvico-militar con la participaci\u00f3n de todas las\nfuerzas vivas de la comunidad, carrozas de escuelas primarias, delegaciones de\ncomunidades ind\u00edgenas, pe\u00f1as y agrupaciones gauchescas, adem\u00e1s de formaciones\nde la Polic\u00eda Provincial y el Regimiento de Infanter\u00eda de Monte 29, entre\notras.<\/p>\n\n\n\n<p>Los lugare\u00f1os bat\u00edan banderines y\naplaud\u00edan cada instancia, cada cuadro de danza, jineteada o carroza que\ndeslumbraron la avenida Magnus Deggen, el ingeniero de origen noruego que clav\u00f3\nla estaca de quebracho, un 21 de julio de 1930, donde se levant\u00f3 la estaci\u00f3n\ndel ferrocarril a cuya sombra naci\u00f3 y sigui\u00f3 creciendo esta comunidad que lleva\nel nombre del ingeniero que trazara las primeras cuadras del pueblo: Guillermo\nNicasio Ju\u00e1rez<\/p>\n\n\n\n<p>Tras el popular y colorido desfile en\nesta poblaci\u00f3n distante a 480 kil\u00f3metros de nuestra ciudad capital, el programa\nde festejos se traslado a la sede de la FAPEO (Federaci\u00f3n de Productores) que\nreuni\u00f3 un atractivo programa de cuadreras, precediendo al festival folkl\u00f3rico\nen el polideportivo municipal.<\/p>\n\n\n\n<p>Fue ponderado el crecimiento de la\npoblaci\u00f3n y su explosivo desarrollo: de las 48 manzanas de la urbanizaci\u00f3n hoy\nsupera las 500, situ\u00e1ndola entre las m\u00e1s importantes de Formosa, destacando que\n\u201ceste desarrollo es posible gracias al apoyo del Gobierno Provincial que nos\npermite dotar de la infraestructura necesaria para que esto deje de ser un\npueblo y sea una ciudad\u201d. <\/p>\n\n\n\n<p>\u201cHemos pacificado Ju\u00e1rez y podemos\ncaminar por las calles tranquilos y tenemos la voluntad intacta, la fuerza y la\ninteligencia para sacar adelante esta comunidad\u201d, expres\u00f3 el mandatario\ncomunal.<\/p>\n","protected":false},"excerpt":{"rendered":"<p>Con gran adhesi\u00f3n comunitaria, la localidad de Ingeniero Ju\u00e1rez celebro este domingo su cumplea\u00f1os 89, en el marco de una jornada donde se aprecio la rica mixtura cultural de la zona donde habitan criollos y abor\u00edgenes recreando el car\u00e1cter multi\u00e9tnico y pluricultural de la provincia. El intendente Rafael Nacif fue el anfitri\u00f3n de una legi\u00f3n [&hellip;]<\/p>\n","protected":false},"author":11,"featured_media":38058,"comment_status":"open","ping_status":"open","sticky":false,"template":"","format":"standard","meta":{"footnotes":""},"categories":[11],"tags":[],"class_list":["post-38051","post","type-post","status-publish","format-standard","has-post-thumbnail","hentry","category-interior"],"_links":{"self":[{"href":"http:\/\/informeformosa.com.ar\/index.php?rest_route=\/wp\/v2\/posts\/38051","targetHints":{"allow":["GET"]}}],"collection":[{"href":"http:\/\/informeformosa.com.ar\/index.php?rest_route=\/wp\/v2\/posts"}],"about":[{"href":"http:\/\/informeformosa.com.ar\/index.php?rest_route=\/wp\/v2\/types\/post"}],"author":[{"embeddable":true,"href":"http:\/\/informeformosa.com.ar\/index.php?rest_route=\/wp\/v2\/users\/11"}],"replies":[{"embeddable":true,"href":"http:\/\/informeformosa.com.ar\/index.php?rest_route=%2Fwp%2Fv2%2Fcomments&post=38051"}],"version-history":[{"count":1,"href":"http:\/\/informeformosa.com.ar\/index.php?rest_route=\/wp\/v2\/posts\/38051\/revisions"}],"predecessor-version":[{"id":38059,"href":"http:\/\/informeformosa.com.ar\/index.php?rest_route=\/wp\/v2\/posts\/38051\/revisions\/38059"}],"wp:featuredmedia":[{"embeddable":true,"href":"http:\/\/informeformosa.com.ar\/index.php?rest_route=\/wp\/v2\/media\/38058"}],"wp:attachment":[{"href":"http:\/\/informeformosa.com.ar\/index.php?rest_route=%2Fwp%2Fv2%2Fmedia&parent=38051"}],"wp:term":[{"taxonomy":"category","embeddable":true,"href":"http:\/\/informeformosa.com.ar\/index.php?rest_route=%2Fwp%2Fv2%2Fcategories&post=38051"},{"taxonomy":"post_tag","embeddable":true,"href":"http:\/\/informeformosa.com.ar\/index.php?rest_route=%2Fwp%2Fv2%2Ftags&post=38051"}],"curies":[{"name":"wp","href":"https:\/\/api.w.org\/{rel}","templated":true}]}}