{"id":38049,"date":"2019-07-21T19:40:36","date_gmt":"2019-07-21T22:40:36","guid":{"rendered":"http:\/\/informeformosa.com.ar\/?p=38049"},"modified":"2019-07-22T07:46:58","modified_gmt":"2019-07-22T10:46:58","slug":"el-gobierno-provincial-anuncio-inversion-de-140-millones-a-la-produccion-algodonera","status":"publish","type":"post","link":"http:\/\/informeformosa.com.ar\/?p=38049","title":{"rendered":"El gobierno provincial anuncio inversi\u00f3n de $140 millones a la producci\u00f3n algodonera"},"content":{"rendered":"\n<p>El gobierno provincial anuncio que estar\u00e1 desembolsando cerca de\n140 millones de pesos en asistencia a la producci\u00f3n algodonera para la campa\u00f1a\n2019-2020. Se trata de un importante aporte para semillas y productos\nsanitarios o paquete tecnol\u00f3gico (Herbicidas, Insecticidas, defoliantes), la\ncompra del textil en planchadas oficiales y cr\u00e9ditos para productores del\nemblem\u00e1tico cultivo, uno m\u00e1s de los que conforman la diversificada canasta\nagr\u00edcola provincial.<\/p>\n\n\n\n<p>As\u00ed lo confirmo el subsecretario de Producci\u00f3n Sustentable,\nAlejandro Garc\u00eda, luego de participar de la reciente reuni\u00f3n de la Mesa\nNacional Algodonera realizada en la ciudad de La Banda-Santiago del Estero. All\u00ed\nse aprob\u00f3 el \u201crecortado\u201d aporte nacional a Formosa de unos $9.4 millones de\npesos, cifra menor a los $11 millones del ciclo anterior y aun m\u00e1s bajo de los\n$18 millones de dos a\u00f1os atr\u00e1s.<\/p>\n\n\n\n<p>Dado que se estima que en el venidero mes de septiembre\ncomenzara la siembra de algod\u00f3n en la provincia, fue definido el plan de\nasistencia local, con una inversi\u00f3n de unos 140 millones de pesos. Resalto\nGarc\u00eda que \u201cconstituye un aporte de pr\u00e1cticamente el&nbsp; 93% de los gastos totales que demanda el\ncultivo, que los productores pueden acceder con la asistencia del gobierno formose\u00f1o\ny de la respectiva norma nacional bastante reducida\u201d.<\/p>\n\n\n\n<p>Asegur\u00f3\nque \u201ces la muestra de c\u00f3mo estamos trabajando en distintos cultivos con el\nconcepto de cuenca y la ubicaci\u00f3n estrat\u00e9gica de las dos desmotadoras, hace que\nse consolide la producci\u00f3n del textil\u201d.<\/p>\n\n\n\n<p>Reconoci\u00f3\nque la emergencia de exceso h\u00eddrico termino afectando severamente al sector\nluego de un inicio promisorio de la \u00faltima campa\u00f1a, no obstante lo cual se\nrenueva la confianza para el presente ciclo.<\/p>\n\n\n\n<p><strong>Linke<\/strong><\/p>\n\n\n\n<p>Anticipo\nGarc\u00eda que a lo sumo en dos semanas o poco menos inclusive, comenzara la\ncosecha de casi 5 mil hect\u00e1reas de algod\u00f3n sembrada por el grupo empresarial\nLinke en la zona oeste.<\/p>\n\n\n\n<p>Se\ntrata de un ambicioso proyecto de desarrollo agroindustrial que realiza en la\nzona de Pozo del Mortero este grupo empresarial que realizara una millonaria\ninversi\u00f3n sembrando las primeras 4700 hect\u00e1reas de algod\u00f3n en un campo de 10\nmil, donde adem\u00e1s instalaron una desmotadora de avanzada.<\/p>\n\n\n\n<p>Unas\nsetenta personas de la zona est\u00e1n trabajando en esta explotaci\u00f3n que prev\u00e9\nduplicar su siembra en esta campa\u00f1a, o sea llegar a casi diez mil hect\u00e1reas de\nalgod\u00f3n.<\/p>\n\n\n\n<p><strong>Mesa Algodonera<\/strong><\/p>\n\n\n\n<p>Garc\u00eda comento los alcances de la reuni\u00f3n de la Mesa Nacional\nAlgodonera realizada en la santiague\u00f1a ciudad de La Banda, donde por ejemplo trataron\nlos Planes Operativos Anuales (POA) y estado de situaci\u00f3n del cultivo del\ntextil en las provincias algodoneras.<\/p>\n\n\n\n<p>Se informo en ese espacio donde estuvieron funcionarios\nnacionales como el director de Agricultura, Ignacio Garciarena, la coordinadora\nalgodonera, Silvia C\u00f3rdoba, funcionarios de las provincias donde se siembra el\ntextil y t\u00e9cnicos del INTA.<\/p>\n\n\n\n<p>Se aprob\u00f3 la propuesta de Formosa para destinar los $9.430.149\nasignados por Naci\u00f3n en trabajos de sanidad (picudo del algodonero,) destrucci\u00f3n\nrastrojos, adquisici\u00f3n semilla fiscalizada para productores paiperos y en\nbuenas pr\u00e1cticas agr\u00edcolas.<\/p>\n","protected":false},"excerpt":{"rendered":"<p>El gobierno provincial anuncio que estar\u00e1 desembolsando cerca de 140 millones de pesos en asistencia a la producci\u00f3n algodonera para la campa\u00f1a 2019-2020. Se trata de un importante aporte para semillas y productos sanitarios o paquete tecnol\u00f3gico (Herbicidas, Insecticidas, defoliantes), la compra del textil en planchadas oficiales y cr\u00e9ditos para productores del emblem\u00e1tico cultivo, uno [&hellip;]<\/p>\n","protected":false},"author":11,"featured_media":38054,"comment_status":"open","ping_status":"open","sticky":false,"template":"","format":"standard","meta":{"footnotes":""},"categories":[13],"tags":[],"class_list":["post-38049","post","type-post","status-publish","format-standard","has-post-thumbnail","hentry","category-produccion"],"_links":{"self":[{"href":"http:\/\/informeformosa.com.ar\/index.php?rest_route=\/wp\/v2\/posts\/38049","targetHints":{"allow":["GET"]}}],"collection":[{"href":"http:\/\/informeformosa.com.ar\/index.php?rest_route=\/wp\/v2\/posts"}],"about":[{"href":"http:\/\/informeformosa.com.ar\/index.php?rest_route=\/wp\/v2\/types\/post"}],"author":[{"embeddable":true,"href":"http:\/\/informeformosa.com.ar\/index.php?rest_route=\/wp\/v2\/users\/11"}],"replies":[{"embeddable":true,"href":"http:\/\/informeformosa.com.ar\/index.php?rest_route=%2Fwp%2Fv2%2Fcomments&post=38049"}],"version-history":[{"count":1,"href":"http:\/\/informeformosa.com.ar\/index.php?rest_route=\/wp\/v2\/posts\/38049\/revisions"}],"predecessor-version":[{"id":38055,"href":"http:\/\/informeformosa.com.ar\/index.php?rest_route=\/wp\/v2\/posts\/38049\/revisions\/38055"}],"wp:featuredmedia":[{"embeddable":true,"href":"http:\/\/informeformosa.com.ar\/index.php?rest_route=\/wp\/v2\/media\/38054"}],"wp:attachment":[{"href":"http:\/\/informeformosa.com.ar\/index.php?rest_route=%2Fwp%2Fv2%2Fmedia&parent=38049"}],"wp:term":[{"taxonomy":"category","embeddable":true,"href":"http:\/\/informeformosa.com.ar\/index.php?rest_route=%2Fwp%2Fv2%2Fcategories&post=38049"},{"taxonomy":"post_tag","embeddable":true,"href":"http:\/\/informeformosa.com.ar\/index.php?rest_route=%2Fwp%2Fv2%2Ftags&post=38049"}],"curies":[{"name":"wp","href":"https:\/\/api.w.org\/{rel}","templated":true}]}}