{"id":38030,"date":"2019-07-19T19:32:48","date_gmt":"2019-07-19T22:32:48","guid":{"rendered":"http:\/\/informeformosa.com.ar\/?p=38030"},"modified":"2019-07-19T19:32:50","modified_gmt":"2019-07-19T22:32:50","slug":"zorrilla-discrepo-con-la-nueva-colimba-y-que-se-la-valore-por-sobre-la-educacion","status":"publish","type":"post","link":"http:\/\/informeformosa.com.ar\/?p=38030","title":{"rendered":"Zorrilla discrepo con la \u201cnueva colimba\u201d y que se la valore por sobre la educaci\u00f3n"},"content":{"rendered":"\n<p>El ministro de Cultura y Educaci\u00f3n, Alberto Zorrilla discrepo\ncon la titular de la cartera de Seguridad nacional, Patricia Bullrich quien\nhab\u00eda afirmado que la Gendarmer\u00eda es \u201cmucho m\u00e1s valorada\u201d que la educaci\u00f3n,\npara defender la \u201cnueva colimba\u201d.<\/p>\n\n\n\n<p>Sobre la pol\u00e9mica en torno al proyecto del nuevo Servicio C\u00edvico\nVoluntario para formar en \u201cvalores democr\u00e1ticos\u201d a los j\u00f3venes, fue consultado\nel ministro formose\u00f1o previo a la apertura del encuentro de teatro y literatura\nen el Galp\u00f3n \u201cC\u201d que se realizo este viernes.<\/p>\n\n\n\n<p>Opino que \u201ces una gran contradicci\u00f3n del gobierno nacional. Por\nun lado una ministra que quiere usar los cuarteles de Gendarmer\u00eda para contener\na los j\u00f3venes y, por otro lado se le saca financiamiento al sistema educativo\nnacional\u201d.<\/p>\n\n\n\n<p>Sostuvo que \u201cse le quita recursos a todo lo necesario para\nfortalecer justamente nuestras escuelas secundarias y todas las pol\u00edticas\neducativas provinciales\u201d, no sin se\u00f1alar que &nbsp;\u201cel anuncio tiene sentido electoralista y no pr\u00e1ctico\u201d,\nafirmando que no le ve\u00eda utilidad porque al \u201cjoven se lo contiene en la educaci\u00f3n,\nen la escuela y con ofertas como el arte y formaci\u00f3n en lo laboral\u201d. <\/p>\n\n\n\n<p>\u201cSe est\u00e1n cerrando industrias, todo el sector pymes destrozadas\ny un sistema econ\u00f3mico que no da respuestas a las necesidades de la gente\u201d,\nadvirti\u00f3.<\/p>\n\n\n\n<p>Insisti\u00f3 en su visi\u00f3n de que se trataba de una \u201cprofunda\ncontradicci\u00f3n\u201d, incluso de que \u201ces una ofensa al sistema educativo argentino\nque est\u00e1 severamente afectado por recorte presupuestario\u201d.<\/p>\n\n\n\n<p>\u201cPareciera tener ese viejo sentido cuartelero y determinadas\nconcepciones civiles, tratando de imponer que la idea militar es tambi\u00e9n para\nla vida. La mejor disciplina es la de los j\u00f3venes en las aulas y cuando\nencuentran el sentido de lo que estudian, que redundara a que retengamos a mas\nchicos en las escuelas\u201d, expuso concluyente.<\/p>\n","protected":false},"excerpt":{"rendered":"<p>El ministro de Cultura y Educaci\u00f3n, Alberto Zorrilla discrepo con la titular de la cartera de Seguridad nacional, Patricia Bullrich quien hab\u00eda afirmado que la Gendarmer\u00eda es \u201cmucho m\u00e1s valorada\u201d que la educaci\u00f3n, para defender la \u201cnueva colimba\u201d. Sobre la pol\u00e9mica en torno al proyecto del nuevo Servicio C\u00edvico Voluntario para formar en \u201cvalores democr\u00e1ticos\u201d [&hellip;]<\/p>\n","protected":false},"author":11,"featured_media":38034,"comment_status":"open","ping_status":"open","sticky":false,"template":"","format":"standard","meta":{"footnotes":""},"categories":[2],"tags":[],"class_list":["post-38030","post","type-post","status-publish","format-standard","has-post-thumbnail","hentry","category-locales"],"_links":{"self":[{"href":"http:\/\/informeformosa.com.ar\/index.php?rest_route=\/wp\/v2\/posts\/38030","targetHints":{"allow":["GET"]}}],"collection":[{"href":"http:\/\/informeformosa.com.ar\/index.php?rest_route=\/wp\/v2\/posts"}],"about":[{"href":"http:\/\/informeformosa.com.ar\/index.php?rest_route=\/wp\/v2\/types\/post"}],"author":[{"embeddable":true,"href":"http:\/\/informeformosa.com.ar\/index.php?rest_route=\/wp\/v2\/users\/11"}],"replies":[{"embeddable":true,"href":"http:\/\/informeformosa.com.ar\/index.php?rest_route=%2Fwp%2Fv2%2Fcomments&post=38030"}],"version-history":[{"count":1,"href":"http:\/\/informeformosa.com.ar\/index.php?rest_route=\/wp\/v2\/posts\/38030\/revisions"}],"predecessor-version":[{"id":38036,"href":"http:\/\/informeformosa.com.ar\/index.php?rest_route=\/wp\/v2\/posts\/38030\/revisions\/38036"}],"wp:featuredmedia":[{"embeddable":true,"href":"http:\/\/informeformosa.com.ar\/index.php?rest_route=\/wp\/v2\/media\/38034"}],"wp:attachment":[{"href":"http:\/\/informeformosa.com.ar\/index.php?rest_route=%2Fwp%2Fv2%2Fmedia&parent=38030"}],"wp:term":[{"taxonomy":"category","embeddable":true,"href":"http:\/\/informeformosa.com.ar\/index.php?rest_route=%2Fwp%2Fv2%2Fcategories&post=38030"},{"taxonomy":"post_tag","embeddable":true,"href":"http:\/\/informeformosa.com.ar\/index.php?rest_route=%2Fwp%2Fv2%2Ftags&post=38030"}],"curies":[{"name":"wp","href":"https:\/\/api.w.org\/{rel}","templated":true}]}}