{"id":37996,"date":"2019-07-18T19:37:42","date_gmt":"2019-07-18T22:37:42","guid":{"rendered":"http:\/\/informeformosa.com.ar\/?p=37996"},"modified":"2019-07-18T19:37:45","modified_gmt":"2019-07-18T22:37:45","slug":"samaniego-militamos-para-lograr-un-triunfo-contundente","status":"publish","type":"post","link":"http:\/\/informeformosa.com.ar\/?p=37996","title":{"rendered":"Samaniego: \u00abmilitamos para lograr un triunfo contundente\u00bb"},"content":{"rendered":"\n<p>Agust\u00edn Samaniego, precandidato a diputado nacional de Formosa\npor el Frente de Todos, subray\u00f3 que son \u00bb absolutamente positivas\u00bb\nlas expectativas de cara a las elecciones primarias de agosto, ya que \u00abla\ninmensa mayor\u00eda de los argentinos est\u00e1 consciente de que debemos cambiar de\nra\u00edz y poner en la Casa Rosada un Gobierno que piense en todos\u00bb.<\/p>\n\n\n\n<p>\u00abTodos estamos conscientes, no s\u00f3lo la dirigencia\njusticialista y de los partidos aliados al Frente de Todos, de la importancia\ncrucial y lo trascendente que representan las elecciones PASO en agosto y las\ngenerales en octubre, donde vamos a decidir, nada m\u00e1s ni nada menos, gran parte\ndel futuro de mediano y largo plazo de nuestro pa\u00eds\u00bb, remarc\u00f3 el actual\ndiputado provincial.<\/p>\n\n\n\n<p>Asegur\u00f3 que \u00abconscientes de ello y de la importancia que\ntiene, estamos militando y trabajando como lo hicimos siempre para lograr un\ntriunfo contundente, que es lo que necesita Formosa y la Argentina\u00bb.<\/p>\n\n\n\n<p>De cara a las elecciones Primarias, Abiertas, Simult\u00e1neas y\nObligatorias del pr\u00f3ximo 11 de agosto, enfatiz\u00f3 que \u00ablas expectativas son\ntotalmente positivas, teniendo en cuenta el rotundo triunfo en los comicios\nprovinciales, donde 11 diputados de los 15 son del Justicialismo, la oposici\u00f3n\ns\u00f3lo ha obtenido siete concejales de 83 y se ha ganado en las 37 localidades de\nla provincia\u00bb.<\/p>\n\n\n\n<p>\u00abEl triunfo ha sido realmente abrumador, en un apoyo\ncontundente al Modelo Formose\u00f1o y a la figura del gobernador Insfr\u00e1n -destac\u00f3-.\nAhora tenemos una parada, un desaf\u00edo muy importante, y tenemos las expectativas\nabsolutamente positivas porque la inmensa mayor\u00eda de los argentinos est\u00e1\nconsciente de que debemos cambiar de ra\u00edz y poner en la Casa Rosada un Gobierno\nque piense en todos, que apueste a la producci\u00f3n, al consumo interno y que\nempiece un proceso de desendeudamiento, de manera que la variable de ajuste no\nsea siempre el salario y la calidad de vida del trabajador\u00bb.<\/p>\n\n\n\n<p>En ese sentido, marc\u00f3 la necesidad de un Gobierno Nacional que\n\u00abpiense en todos y ponga a la Argentina de pie, con la econom\u00eda en marcha,\nya que lo que ha sucedido en estos casi cuatro a\u00f1os es que se ha detenido para\nla inmensa mayor\u00eda, pero un grupo min\u00fasculo se ha visto muy favorecido\u00bb.<\/p>\n\n\n\n<p><strong>Defender\na Formosa<\/strong><\/p>\n\n\n\n<p>A su vez, Samaniego fue contundente en que \u00abnecesitamos un\nrotundo triunfo y demostrar que estamos absolutamente dispuestos a defender a\nFormosa\u00bb, reprochando que \u00abvemos que en estos \u00faltimos a\u00f1os los\nlegisladores formose\u00f1os de la oposici\u00f3n no han defendido a nuestra\nprovincia\u00bb.<\/p>\n\n\n\n<p>\u00abSi uno ve sus acciones, sus declaraciones y sus votaciones\nen el Congreso Nacional vamos a observar que Formosa y sus intereses no est\u00e1n\nentre sus prioridades. Inclusive, muchas veces han defendido los perjuicios a\nla sociedad como los tarifazos de la gesti\u00f3n de Cambiemos\u00bb, amonest\u00f3.&nbsp; <\/p>\n\n\n\n<p>Reprendi\u00f3, categ\u00f3rico, que \u00abaparte del da\u00f1o a la econom\u00eda y\nfundamentalmente al bolsillo de los argentinos, lo que hemos visto en estos\n\u00faltimos a\u00f1os, con la gesti\u00f3n de Mauricio Macri, ha sido un olvido deliberado, a\nprop\u00f3sito, hacia Formosa por tener un signo pol\u00edtico diferente\u00bb.<\/p>\n\n\n\n<p>\u00abLo poco que ha hecho el Gobierno Nacional de obra p\u00fablica\nlo ha hecho en las provincias centrales, como Buenos Aires -se\u00f1al\u00f3-. En Formosa\nno se ha iniciado ninguna obra y hay pendientes como el Acueducto, la autov\u00eda\nde la ruta nacional 11, el puente sobre-elevado sobre la avenida N\u00e9stor\nKirchner, el Gasoducto, es decir, much\u00edsimas obras que estaban pensadas, inclusive\nlicitadas en la gesti\u00f3n nacional anterior, han sido paralizadas por\nMacri\u00bb.<\/p>\n\n\n\n<p>Ante ese escenario, propuso que \u00ablo que debe hacer\ncualquier formose\u00f1o tenga la ideolog\u00eda pol\u00edtico-partidaria que tenga es\ndefender a Formosa y reclamarle al Gobierno Nacional ese olvido\u00bb, cerr\u00f3. <\/p>\n","protected":false},"excerpt":{"rendered":"<p>Agust\u00edn Samaniego, precandidato a diputado nacional de Formosa por el Frente de Todos, subray\u00f3 que son \u00bb absolutamente positivas\u00bb las expectativas de cara a las elecciones primarias de agosto, ya que \u00abla inmensa mayor\u00eda de los argentinos est\u00e1 consciente de que debemos cambiar de ra\u00edz y poner en la Casa Rosada un Gobierno que piense [&hellip;]<\/p>\n","protected":false},"author":11,"featured_media":33544,"comment_status":"open","ping_status":"open","sticky":false,"template":"","format":"standard","meta":{"footnotes":""},"categories":[6],"tags":[],"class_list":["post-37996","post","type-post","status-publish","format-standard","has-post-thumbnail","hentry","category-nacionales"],"_links":{"self":[{"href":"http:\/\/informeformosa.com.ar\/index.php?rest_route=\/wp\/v2\/posts\/37996","targetHints":{"allow":["GET"]}}],"collection":[{"href":"http:\/\/informeformosa.com.ar\/index.php?rest_route=\/wp\/v2\/posts"}],"about":[{"href":"http:\/\/informeformosa.com.ar\/index.php?rest_route=\/wp\/v2\/types\/post"}],"author":[{"embeddable":true,"href":"http:\/\/informeformosa.com.ar\/index.php?rest_route=\/wp\/v2\/users\/11"}],"replies":[{"embeddable":true,"href":"http:\/\/informeformosa.com.ar\/index.php?rest_route=%2Fwp%2Fv2%2Fcomments&post=37996"}],"version-history":[{"count":1,"href":"http:\/\/informeformosa.com.ar\/index.php?rest_route=\/wp\/v2\/posts\/37996\/revisions"}],"predecessor-version":[{"id":38003,"href":"http:\/\/informeformosa.com.ar\/index.php?rest_route=\/wp\/v2\/posts\/37996\/revisions\/38003"}],"wp:featuredmedia":[{"embeddable":true,"href":"http:\/\/informeformosa.com.ar\/index.php?rest_route=\/wp\/v2\/media\/33544"}],"wp:attachment":[{"href":"http:\/\/informeformosa.com.ar\/index.php?rest_route=%2Fwp%2Fv2%2Fmedia&parent=37996"}],"wp:term":[{"taxonomy":"category","embeddable":true,"href":"http:\/\/informeformosa.com.ar\/index.php?rest_route=%2Fwp%2Fv2%2Fcategories&post=37996"},{"taxonomy":"post_tag","embeddable":true,"href":"http:\/\/informeformosa.com.ar\/index.php?rest_route=%2Fwp%2Fv2%2Ftags&post=37996"}],"curies":[{"name":"wp","href":"https:\/\/api.w.org\/{rel}","templated":true}]}}