{"id":37977,"date":"2019-07-18T19:33:14","date_gmt":"2019-07-18T22:33:14","guid":{"rendered":"http:\/\/informeformosa.com.ar\/?p=37977"},"modified":"2019-07-18T19:33:19","modified_gmt":"2019-07-18T22:33:19","slug":"nacion-llama-a-formosa-por-reclamo-judicial-del-eliminado-fondo-sojero","status":"publish","type":"post","link":"http:\/\/informeformosa.com.ar\/?p=37977","title":{"rendered":"Naci\u00f3n llama a Formosa por reclamo judicial del eliminado Fondo Sojero"},"content":{"rendered":"\n<p>Para\nel pr\u00f3ximo 25 de julio en la sede del ministerio del Interior de la Naci\u00f3n, se\ninvito a Formosa y otras cinco provincias por la demanda judicial que g\u00e9nero la\nquita federal del Fondo Sojero un a\u00f1o atr\u00e1s. La convocatoria fue hecha por el\nsecretario de Provincias y Municipios del ministerio del Interior, Alejandro\nCaldarelli. <\/p>\n\n\n\n<p>En\nesferas nacionales relacionan esto con la intenci\u00f3n de la gesti\u00f3n nacional de\nque antes de las Primarias Abiertas Simult\u00e1neas y Obligatorias, se buscar\u00e1\ncalmar las aguas turbulentas en la discusi\u00f3n por la quita del Fondo Sojero. En\ndefinitiva, el equipo de Mauricio Macri convoc\u00f3 a los ministros de Hacienda y\nFiscales de Estados de Santa Cruz, Catamarca, Tierra del Fuego, Formosa, Chubut\ny Santiago del Estero.<\/p>\n\n\n\n<p>Vale\nrecordar, el sexteto de provincias recurrieron a la Justicia para recuperar los\nrecursos cortados por la gesti\u00f3n de Mauricio Macri a trav\u00e9s de un Decreto de\nNecesidad y Urgencia en agosto de 2018.<\/p>\n\n\n\n<p>Se\nse\u00f1alo que el funcionario nacional enmarc\u00f3 la convocatoria en \u201cla audiencia de\nconciliaci\u00f3n\u201d realizada en la Corte el pasado 26 de junio, \u201cen la que se\nconcedi\u00f3 a las partes un plazo de 90 d\u00edas h\u00e1biles judiciales para intentar una\nsoluci\u00f3n amistosa\u201d.<\/p>\n\n\n\n<p>Mas\nall\u00e1 que se anticipara que se pretende \u201cconversar sobre los efectos que la\nderogaci\u00f3n del Fondo Federal Solidario pudo tener sobre las finanzas p\u00fablicas\nprovinciales y que es una oportunidad para tener un di\u00e1logo constructivo y\nfruct\u00edfero para el dise\u00f1o y puesta en pr\u00e1ctica de pol\u00edticas p\u00fablicas comunes\u201d, el\ngobernador Gildo Insfran fue categ\u00f3rico al instruir a la Fiscal de Estado,\nStella Zabala de Copes que \u201cno es susceptible de ninguna negociaci\u00f3n\u201d.<\/p>\n\n\n\n<p>\u201cTengo\nmandato claro desde un principio: &#8216;para negociar, que nos paguen\u00b4\u201d. As\u00ed de\ncateg\u00f3rica fue al dar pormenores de la audiencia mantenida en la Corte Suprema\nde Justicia donde de renov\u00f3 la denuncia por considerar \u201cinconstitucional\u201d la\neliminaci\u00f3n del Fondo Sojero por decisi\u00f3n del&nbsp;\npresidente Mauricio Macri v\u00eda un DNU.<\/p>\n\n\n\n<p>Las\nseis provincias tildan de inconstitucional la derogaci\u00f3n del Fondo Sojero,\ncreado en 2009 durante el Gobierno de Cristina de Kirchner, que se nutr\u00eda con\n30% de las retenciones a las exportaciones de soja y que estaba destinado a\nfinanciar obras. En las provincias estiman que dejaron de percibir cerca de\nu$s1.500 millones.<\/p>\n\n\n\n<p>En\nesa l\u00ednea, reclaman que el FoFeSo sea repuesto y, m\u00e1s all\u00e1 de la v\u00eda en la\nCorte, exploran adem\u00e1s una estocada pol\u00edtica en el Congreso, de la mano de un\nnuevo intento de voltear el DNU en el recinto.<\/p>\n\n\n\n<p>La\ndecisi\u00f3n de eliminar esa asistencia se dio de la mano de las negociaciones del\nGobierno de Macri con el FMI y con los gobernadores, frente a la necesidad de\najustar para recibir la asistencia del organismo internacional. <\/p>\n","protected":false},"excerpt":{"rendered":"<p>Para el pr\u00f3ximo 25 de julio en la sede del ministerio del Interior de la Naci\u00f3n, se invito a Formosa y otras cinco provincias por la demanda judicial que g\u00e9nero la quita federal del Fondo Sojero un a\u00f1o atr\u00e1s. La convocatoria fue hecha por el secretario de Provincias y Municipios del ministerio del Interior, Alejandro [&hellip;]<\/p>\n","protected":false},"author":11,"featured_media":37992,"comment_status":"open","ping_status":"open","sticky":false,"template":"","format":"standard","meta":{"footnotes":""},"categories":[6],"tags":[],"class_list":["post-37977","post","type-post","status-publish","format-standard","has-post-thumbnail","hentry","category-nacionales"],"_links":{"self":[{"href":"http:\/\/informeformosa.com.ar\/index.php?rest_route=\/wp\/v2\/posts\/37977","targetHints":{"allow":["GET"]}}],"collection":[{"href":"http:\/\/informeformosa.com.ar\/index.php?rest_route=\/wp\/v2\/posts"}],"about":[{"href":"http:\/\/informeformosa.com.ar\/index.php?rest_route=\/wp\/v2\/types\/post"}],"author":[{"embeddable":true,"href":"http:\/\/informeformosa.com.ar\/index.php?rest_route=\/wp\/v2\/users\/11"}],"replies":[{"embeddable":true,"href":"http:\/\/informeformosa.com.ar\/index.php?rest_route=%2Fwp%2Fv2%2Fcomments&post=37977"}],"version-history":[{"count":1,"href":"http:\/\/informeformosa.com.ar\/index.php?rest_route=\/wp\/v2\/posts\/37977\/revisions"}],"predecessor-version":[{"id":37993,"href":"http:\/\/informeformosa.com.ar\/index.php?rest_route=\/wp\/v2\/posts\/37977\/revisions\/37993"}],"wp:featuredmedia":[{"embeddable":true,"href":"http:\/\/informeformosa.com.ar\/index.php?rest_route=\/wp\/v2\/media\/37992"}],"wp:attachment":[{"href":"http:\/\/informeformosa.com.ar\/index.php?rest_route=%2Fwp%2Fv2%2Fmedia&parent=37977"}],"wp:term":[{"taxonomy":"category","embeddable":true,"href":"http:\/\/informeformosa.com.ar\/index.php?rest_route=%2Fwp%2Fv2%2Fcategories&post=37977"},{"taxonomy":"post_tag","embeddable":true,"href":"http:\/\/informeformosa.com.ar\/index.php?rest_route=%2Fwp%2Fv2%2Ftags&post=37977"}],"curies":[{"name":"wp","href":"https:\/\/api.w.org\/{rel}","templated":true}]}}