{"id":37975,"date":"2019-07-18T19:26:34","date_gmt":"2019-07-18T22:26:34","guid":{"rendered":"http:\/\/informeformosa.com.ar\/?p=37975"},"modified":"2019-07-18T19:26:36","modified_gmt":"2019-07-18T22:26:36","slug":"respecto-al-16-de-junio-en-las-paso-electores-mesas-y-escuelas-seran-mas","status":"publish","type":"post","link":"http:\/\/informeformosa.com.ar\/?p=37975","title":{"rendered":"Respecto al 16 de junio, en las PASO, electores, mesas y escuelas ser\u00e1n mas"},"content":{"rendered":"\n<p>Las Primarias, Abiertas, Simult\u00e1neas y Obligatorias (PASO)\nprevisto para el 11 de agosto en todo el pa\u00eds, en el distrito Formosa tendr\u00e1n\nalgunas diferencias respecto a los recientes comicios provinciales del 16 de\njunio pasado.<\/p>\n\n\n\n<p>Por ejemplo aumento m\u00e1s de 4000 el n\u00famero de electores, y varias\nm\u00e1s la cantidad de mesas y centros de votaci\u00f3n o escuelas a ser habilitadas.<\/p>\n\n\n\n<p>Quien as\u00ed lo confirmo fue la presidente del Tribunal Electoral\nPermanente, Sandra Moreno, explicando que las<\/p>\n\n\n\n<p>PASO son internas de cada partido, y en el distrito Formosa la\nparticularidad es que solo un partido presenta dos candidatos diferentes, el\nresto todos tienen una sola lista. \u201cPero dado el car\u00e1cter obligatorio y\nsimult\u00e1neo todos van a elecciones para presentarse como opciones ante la ciudadan\u00eda\na partir del car\u00e1cter de abiertas que posee\u201d, expuso. &nbsp;<\/p>\n\n\n\n<p>Aclaro que la competencia en estos comicios recae en el Juzgado\nFederal quien controla el proceso, y por ejemplo confirmo que \u201cya est\u00e1n los\npadrones definitivos y es importante que la ciudadan\u00eda haga un control del\nlugar de votaci\u00f3n&nbsp; (padr\u00f3n.gob.ar)\u201d. <\/p>\n\n\n\n<p>Preciso que \u201cel padr\u00f3n ha crecido en relaci\u00f3n al utilizado el 16\nde junio donde los electores fueron casi 453 mil registrados. Hubo muchos\nreclamos, teniendo ahora un padr\u00f3n con 457106 electores, n\u00famero final que est\u00e1\nm\u00e1s a tono con el crecimiento poblacional\u201d. En la misma l\u00ednea confirmo que \u201ceso\nincidi\u00f3 en que haya crecido la cantidad de mesas a 1404 y en el caso de los\ncentros de votaci\u00f3n o escuelas ascendi\u00f3 a 239 (en las recientes elecciones de\njunio se habilitaron 1379 mesas en 213 locales comiciales)\u201d.<\/p>\n\n\n\n<p>Aclaro Moreno que \u201cel TEP no tiene competencia directa, pero\nhemos firmado un convenio de colaboraci\u00f3n con la Justicia Federal, y en base a\nellos es que ya ingreso al SUM de la Escuela 66 \u201cJos\u00e9 Manuel Estrada\u201d todo lo\nnecesario para el armado de urnas y documental comicial. Desde este mismo sal\u00f3n\nse har\u00e1n el despliegue y repliegue de urnas, y lo propio en cuanto al\nescrutinio definitivo\u201d. <\/p>\n\n\n\n<p>Comento que el Comando Electoral est\u00e1 conformado por el jefe del\nRegimiento 29, coronel Gabriel De Senzi, no obstante a que otras fuerzas como\nla Polic\u00eda Provincial o Prefectura Naval sean parte del comando. <\/p>\n\n\n\n<p><strong>Proclamaci\u00f3n<\/strong><\/p>\n\n\n\n<p>Por otra parte, la doctora Moreno anticipo que \u201cpara el jueves\n1\u00b0 de agosto est\u00e1 previsto que se realice el acto de proclamaci\u00f3n y por ahora\ncreemos que se har\u00e1 en el Galp\u00f3n \u201cG\u201d del Paseo Costanero\u201d.<\/p>\n\n\n\n<p>\u201cEsto y otros detalles sobre por ejemplo el horario, estaremos\nconfirmando en los pr\u00f3ximos d\u00edas\u201d, sostuvo, pero en principio no deferir\u00eda\nmucho de este tradicional acto luego de los comicios. Es decir que recibir\u00e1n\nsus actas y diplomas de proclamaci\u00f3n los electos gobernador y vicegobernador,\n15 diputados provinciales, 27 intendentes y 10 presidentes de comisiones de\nfomento y 83 concejales.<\/p>\n","protected":false},"excerpt":{"rendered":"<p>Las Primarias, Abiertas, Simult\u00e1neas y Obligatorias (PASO) previsto para el 11 de agosto en todo el pa\u00eds, en el distrito Formosa tendr\u00e1n algunas diferencias respecto a los recientes comicios provinciales del 16 de junio pasado. Por ejemplo aumento m\u00e1s de 4000 el n\u00famero de electores, y varias m\u00e1s la cantidad de mesas y centros de [&hellip;]<\/p>\n","protected":false},"author":11,"featured_media":17069,"comment_status":"open","ping_status":"open","sticky":false,"template":"","format":"standard","meta":{"footnotes":""},"categories":[2],"tags":[],"class_list":["post-37975","post","type-post","status-publish","format-standard","has-post-thumbnail","hentry","category-locales"],"_links":{"self":[{"href":"http:\/\/informeformosa.com.ar\/index.php?rest_route=\/wp\/v2\/posts\/37975","targetHints":{"allow":["GET"]}}],"collection":[{"href":"http:\/\/informeformosa.com.ar\/index.php?rest_route=\/wp\/v2\/posts"}],"about":[{"href":"http:\/\/informeformosa.com.ar\/index.php?rest_route=\/wp\/v2\/types\/post"}],"author":[{"embeddable":true,"href":"http:\/\/informeformosa.com.ar\/index.php?rest_route=\/wp\/v2\/users\/11"}],"replies":[{"embeddable":true,"href":"http:\/\/informeformosa.com.ar\/index.php?rest_route=%2Fwp%2Fv2%2Fcomments&post=37975"}],"version-history":[{"count":1,"href":"http:\/\/informeformosa.com.ar\/index.php?rest_route=\/wp\/v2\/posts\/37975\/revisions"}],"predecessor-version":[{"id":37989,"href":"http:\/\/informeformosa.com.ar\/index.php?rest_route=\/wp\/v2\/posts\/37975\/revisions\/37989"}],"wp:featuredmedia":[{"embeddable":true,"href":"http:\/\/informeformosa.com.ar\/index.php?rest_route=\/wp\/v2\/media\/17069"}],"wp:attachment":[{"href":"http:\/\/informeformosa.com.ar\/index.php?rest_route=%2Fwp%2Fv2%2Fmedia&parent=37975"}],"wp:term":[{"taxonomy":"category","embeddable":true,"href":"http:\/\/informeformosa.com.ar\/index.php?rest_route=%2Fwp%2Fv2%2Fcategories&post=37975"},{"taxonomy":"post_tag","embeddable":true,"href":"http:\/\/informeformosa.com.ar\/index.php?rest_route=%2Fwp%2Fv2%2Ftags&post=37975"}],"curies":[{"name":"wp","href":"https:\/\/api.w.org\/{rel}","templated":true}]}}