{"id":37967,"date":"2019-07-18T19:20:35","date_gmt":"2019-07-18T22:20:35","guid":{"rendered":"http:\/\/informeformosa.com.ar\/?p=37967"},"modified":"2019-07-18T19:20:37","modified_gmt":"2019-07-18T22:20:37","slug":"a-la-semana-de-que-insfran-anunciara-obras-para-ibarreta-estas-se-iniciaron","status":"publish","type":"post","link":"http:\/\/informeformosa.com.ar\/?p=37967","title":{"rendered":"A la semana de que Insfran anunciara obras para Ibarreta, estas se iniciaron"},"content":{"rendered":"\n<p>El intendente de Ibarreta, Ad\u00e1n Jarsinsky, destac\u00f3 \u00abel\nvalor de la palabra empe\u00f1ada\u00bb del gobernador Gildo Insfr\u00e1n, ya que a la\nsemana siguiente de anunciar la remodelaci\u00f3n y la construcci\u00f3n de dos\nsignificativas obras para la localidad se puso en marcha la ejecuci\u00f3n con\nfondos provinciales de las mismas.<\/p>\n\n\n\n<p>\u00abLas obras en Ibarreta no paran\u00bb, subray\u00f3 el jefe\ncomunal, se\u00f1alando que \u00abel pasado mes de junio, en un d\u00eda, el gobernador\nInsfr\u00e1n inaugur\u00f3 cinco establecimientos educativos en un mismo predio. Y en ese\nacto, el primer mandatario anunciaba la remodelaci\u00f3n y la construcci\u00f3n de lo\nque es la Escuela N\u00b0 64, la cual pertenec\u00eda al Plan Quinquenal, y tambi\u00e9n la\nconstrucci\u00f3n de un nuevo polideportivo municipal\u00bb.<\/p>\n\n\n\n<p>Acentu\u00f3 que \u00abcon respecto a estos dos anuncios vuelvo a\ndestacar el valor de la palabra empe\u00f1ada de nuestro Gobernador, ya que a la semana\npr\u00e1cticamente la empresa constructora ya inici\u00f3 la obra de reconstrucci\u00f3n del\nestablecimiento educativo y hoy est\u00e1 en plena etapa de ejecuci\u00f3n\u00bb.<\/p>\n\n\n\n<p>En ese sentido, resalt\u00f3 \u00abel compromiso del gobernador\nInsfr\u00e1n con nuestra localidad y todos los dem\u00e1s Municipios, al momento de los\nanuncios de la ejecuci\u00f3n de alguna obra, ya que todo esto se hace con fondos\nprovinciales\u00bb.<\/p>\n\n\n\n<p>Agradeci\u00f3 al titular del Poder Ejecutivo Provincial (PEP) por\n\u00abel anuncio y la ejecuci\u00f3n en forma casi inmediata de una obra tan\nimportante, de cara a los cien a\u00f1os, dentro de dos a\u00f1os, de Ibarreta\u00bb.<\/p>\n\n\n\n<p>\u00abSer\u00eda para nosotros una gran alegr\u00eda que de ac\u00e1 a dos a\u00f1os\nesta obra se pueda inaugurar en forma conjunta con el aniversario de nuestra\nlocalidad. Lo hablamos con la gente de la empresa y los plazos estar\u00edan\ncoincidiendo con esa fecha, as\u00ed que muy contentos\u00bb, acentu\u00f3 Jarsinsky.<\/p>\n\n\n\n<p>Asimismo, consultado sobre la actualidad productiva, remarc\u00f3 que\nen conjunto con el Ministerio de la Producci\u00f3n y Ambiente \u00abya se hizo todo\nel relevamiento para iniciar la siguiente etapa de preparaci\u00f3n de suelo, que es\nlo que nosotros desde el Municipio junto con la cartera productiva realizamos a\ntodos los peque\u00f1os productores de entre una o dos hect\u00e1reas\u00bb.<\/p>\n\n\n\n<p>\u00abDesde esta gesti\u00f3n seguimos apoyando al sector productivo,\nya sea con la preparaci\u00f3n del suelo, las semillas, la asistencia t\u00e9cnica, entre\notros aspectos\u00bb, finaliz\u00f3. <\/p>\n","protected":false},"excerpt":{"rendered":"<p>El intendente de Ibarreta, Ad\u00e1n Jarsinsky, destac\u00f3 \u00abel valor de la palabra empe\u00f1ada\u00bb del gobernador Gildo Insfr\u00e1n, ya que a la semana siguiente de anunciar la remodelaci\u00f3n y la construcci\u00f3n de dos significativas obras para la localidad se puso en marcha la ejecuci\u00f3n con fondos provinciales de las mismas. \u00abLas obras en Ibarreta no paran\u00bb, [&hellip;]<\/p>\n","protected":false},"author":11,"featured_media":37982,"comment_status":"open","ping_status":"open","sticky":false,"template":"","format":"standard","meta":{"footnotes":""},"categories":[11],"tags":[],"class_list":["post-37967","post","type-post","status-publish","format-standard","has-post-thumbnail","hentry","category-interior"],"_links":{"self":[{"href":"http:\/\/informeformosa.com.ar\/index.php?rest_route=\/wp\/v2\/posts\/37967","targetHints":{"allow":["GET"]}}],"collection":[{"href":"http:\/\/informeformosa.com.ar\/index.php?rest_route=\/wp\/v2\/posts"}],"about":[{"href":"http:\/\/informeformosa.com.ar\/index.php?rest_route=\/wp\/v2\/types\/post"}],"author":[{"embeddable":true,"href":"http:\/\/informeformosa.com.ar\/index.php?rest_route=\/wp\/v2\/users\/11"}],"replies":[{"embeddable":true,"href":"http:\/\/informeformosa.com.ar\/index.php?rest_route=%2Fwp%2Fv2%2Fcomments&post=37967"}],"version-history":[{"count":1,"href":"http:\/\/informeformosa.com.ar\/index.php?rest_route=\/wp\/v2\/posts\/37967\/revisions"}],"predecessor-version":[{"id":37983,"href":"http:\/\/informeformosa.com.ar\/index.php?rest_route=\/wp\/v2\/posts\/37967\/revisions\/37983"}],"wp:featuredmedia":[{"embeddable":true,"href":"http:\/\/informeformosa.com.ar\/index.php?rest_route=\/wp\/v2\/media\/37982"}],"wp:attachment":[{"href":"http:\/\/informeformosa.com.ar\/index.php?rest_route=%2Fwp%2Fv2%2Fmedia&parent=37967"}],"wp:term":[{"taxonomy":"category","embeddable":true,"href":"http:\/\/informeformosa.com.ar\/index.php?rest_route=%2Fwp%2Fv2%2Fcategories&post=37967"},{"taxonomy":"post_tag","embeddable":true,"href":"http:\/\/informeformosa.com.ar\/index.php?rest_route=%2Fwp%2Fv2%2Ftags&post=37967"}],"curies":[{"name":"wp","href":"https:\/\/api.w.org\/{rel}","templated":true}]}}