{"id":37946,"date":"2019-07-16T19:43:52","date_gmt":"2019-07-16T22:43:52","guid":{"rendered":"http:\/\/informeformosa.com.ar\/?p=37946"},"modified":"2019-07-16T19:43:55","modified_gmt":"2019-07-16T22:43:55","slug":"en-196-comunidades-aborigenes-elegiran-a-directores-por-cada-etnia-ante-el-ica","status":"publish","type":"post","link":"http:\/\/informeformosa.com.ar\/?p=37946","title":{"rendered":"En 196 comunidades abor\u00edgenes elegir\u00e1n a directores por cada etnia ante el ICA"},"content":{"rendered":"\n<p>Las tres etnias originarias de la provincia (wich\u00ed, qom y\npilag\u00e1) ir\u00e1n a las urnas el pr\u00f3ximo 22 de septiembre para elegir\ndemocr\u00e1ticamente un director titular y un suplente, a fin de que los mismos\nformen parte de la conducci\u00f3n del Instituto de Comunidades Abor\u00edgenes (ICA).<\/p>\n\n\n\n<p>Cabe se\u00f1alar que en la v\u00edspera el Poder Ejecutivo Provincial\n(PEP), a trav\u00e9s del Decreto 170 convoc\u00f3 a los comicios, en el marco del\nart\u00edculo 23 de la Ley Integral del Aborigen N\u00ba 426.<\/p>\n\n\n\n<p>Al respecto, el doctor Jos\u00e9 F\u00e9lix Bogado, quien preside la Junta\nElectoral, expuso que \u201cde estas elecciones participar\u00e1n las tres etnias (wich\u00ed,\ntoba y pilag\u00e1), que elegir\u00e1n a sus directores para acompa\u00f1ar al presidente del\nICA\u201d.<\/p>\n\n\n\n<p>\u201cEn los comicios anteriores hab\u00eda 27 mil electores, con lo cual\nese n\u00famero va a aumentar en esta elecci\u00f3n porque se sumar\u00e1n los j\u00f3venes,\nteniendo en cuenta que a diferencia de la ley nacional la edad para votar es de\n18 a\u00f1os\u201d, precis\u00f3.<\/p>\n\n\n\n<p>A su vez, hizo notar que del proceso electoral \u201cparticipar\u00e1n 196\ncomunidades abor\u00edgenes de toda la provincia\u201d, valorando que \u201cla Polic\u00eda\nProvincial cumplir\u00e1 un rol muy importante porque el control de la seguridad\nestar\u00e1 a su cargo, al igual que el Ministerio de Educaci\u00f3n a trav\u00e9s de los\nmaestros y los intendentes\u201d.<\/p>\n\n\n\n<p>\u201cLa participaci\u00f3n es muy activa, por ejemplo, los wich\u00ed tienen\nhasta 12 candidatos en toda la provincia \u2013refiri\u00f3-. Y en el caso de los qom\ntienen unos nueve postulantes, con lo cual la participaci\u00f3n es amplia, son m\u00e1s\nde 30 candidatos en total los que tomar\u00e1n parte del proceso comicial\u201d.<\/p>\n\n\n\n<p>Respecto del cronograma electoral, Bogado especific\u00f3 que el\npr\u00f3ximo 16 de agosto se realizar\u00e1 presentaci\u00f3n de los candidatos y luego se\nabrir\u00e1 instancia de impugnaciones y reconocimiento, adem\u00e1s de la publicaci\u00f3n\ndel padr\u00f3n de electores. Marc\u00f3 que es la Ley N\u00ba 426 la que reglamenta todo el\nproceso electoral.<\/p>\n\n\n\n<p>Finalmente, remarc\u00f3 que \u201chay unidad pol\u00edtica en todas las\nregiones y el apoyo de los pueblos originarios al gobernador Gildo Insfr\u00e1n y al\nModelo Formose\u00f1o es total\u201d, concluy\u00f3.<\/p>\n","protected":false},"excerpt":{"rendered":"<p>Las tres etnias originarias de la provincia (wich\u00ed, qom y pilag\u00e1) ir\u00e1n a las urnas el pr\u00f3ximo 22 de septiembre para elegir democr\u00e1ticamente un director titular y un suplente, a fin de que los mismos formen parte de la conducci\u00f3n del Instituto de Comunidades Abor\u00edgenes (ICA). Cabe se\u00f1alar que en la v\u00edspera el Poder Ejecutivo [&hellip;]<\/p>\n","protected":false},"author":11,"featured_media":37955,"comment_status":"open","ping_status":"open","sticky":false,"template":"","format":"standard","meta":{"footnotes":""},"categories":[2],"tags":[],"class_list":["post-37946","post","type-post","status-publish","format-standard","has-post-thumbnail","hentry","category-locales"],"_links":{"self":[{"href":"http:\/\/informeformosa.com.ar\/index.php?rest_route=\/wp\/v2\/posts\/37946","targetHints":{"allow":["GET"]}}],"collection":[{"href":"http:\/\/informeformosa.com.ar\/index.php?rest_route=\/wp\/v2\/posts"}],"about":[{"href":"http:\/\/informeformosa.com.ar\/index.php?rest_route=\/wp\/v2\/types\/post"}],"author":[{"embeddable":true,"href":"http:\/\/informeformosa.com.ar\/index.php?rest_route=\/wp\/v2\/users\/11"}],"replies":[{"embeddable":true,"href":"http:\/\/informeformosa.com.ar\/index.php?rest_route=%2Fwp%2Fv2%2Fcomments&post=37946"}],"version-history":[{"count":1,"href":"http:\/\/informeformosa.com.ar\/index.php?rest_route=\/wp\/v2\/posts\/37946\/revisions"}],"predecessor-version":[{"id":37956,"href":"http:\/\/informeformosa.com.ar\/index.php?rest_route=\/wp\/v2\/posts\/37946\/revisions\/37956"}],"wp:featuredmedia":[{"embeddable":true,"href":"http:\/\/informeformosa.com.ar\/index.php?rest_route=\/wp\/v2\/media\/37955"}],"wp:attachment":[{"href":"http:\/\/informeformosa.com.ar\/index.php?rest_route=%2Fwp%2Fv2%2Fmedia&parent=37946"}],"wp:term":[{"taxonomy":"category","embeddable":true,"href":"http:\/\/informeformosa.com.ar\/index.php?rest_route=%2Fwp%2Fv2%2Fcategories&post=37946"},{"taxonomy":"post_tag","embeddable":true,"href":"http:\/\/informeformosa.com.ar\/index.php?rest_route=%2Fwp%2Fv2%2Ftags&post=37946"}],"curies":[{"name":"wp","href":"https:\/\/api.w.org\/{rel}","templated":true}]}}