{"id":37943,"date":"2019-07-16T19:41:07","date_gmt":"2019-07-16T22:41:07","guid":{"rendered":"http:\/\/informeformosa.com.ar\/?p=37943"},"modified":"2019-07-16T19:41:10","modified_gmt":"2019-07-16T22:41:10","slug":"la-provincia-traba-ante-deterioro-portuario","status":"publish","type":"post","link":"http:\/\/informeformosa.com.ar\/?p=37943","title":{"rendered":"La provincia traba ante deterioro portuario"},"content":{"rendered":"\n<p>El administrador de Vialidad Provincial, Fernando De Vido,\nasegur\u00f3 que \u201cni la gr\u00faa ni las fundaciones \u201cfueron afectadas&nbsp; por el desplazamiento del muro frontal\nocurrido en la noche del lunes en el puerto local, al tiempo que afirm\u00f3 que se\nest\u00e1n analizando las causas que determinaron el colapso.<\/p>\n\n\n\n<p>De Vido describi\u00f3 que \u201cel muelle est\u00e1 conformado por una pared frontal\nde muro de hormig\u00f3n de construcci\u00f3n t\u00e9rmica y uno de los sectores del mismo\ncolaps\u00f3 permitiendo la fuga de la arena que hace de basamento al puerto.\u201d, al\ntiempo que asegur\u00f3&nbsp; que \u201cse est\u00e1n\nanalizando cuales fueron las causas de la ruptura del muro frontal.\u201d<\/p>\n\n\n\n<p>Respecto de la gr\u00faa que se encuentra en el lugar, certific\u00f3 que\nno ha sufrido ninguna consecuencia&nbsp; por\nel desplazamiento del muro frontal ya que est\u00e1 fundado sobre pilotes y adelant\u00f3\nque tras determinar las causas&nbsp; se&nbsp; abocar\u00e1n a la b\u00fasqueda de las&nbsp; soluciones t\u00e9cnicas pertinentes.<\/p>\n\n\n\n<p>Detall\u00f3 que se produjo el derrumbe del orden de unos 100 metros\nde las paredes del muro frontal, lo que a su entender es una \u201csituaci\u00f3n t\u00e9cnica\ncompleja que tiene como consecuencia directa la inoperatividad del puerto.\u201d<\/p>\n\n\n\n<p>De Vido expres\u00f3 que cree que podr\u00eda haber sido un fen\u00f3meno\nh\u00eddrico que afect\u00f3 o profundiz\u00f3 algunas&nbsp;\ncausas que determinaron este colapso, en clara alusi\u00f3n a las situaciones\nh\u00eddricas extremas.<\/p>\n\n\n\n<p>Finalmente remarc\u00f3 que se abocar\u00e1n a la tarea de preservar los bienes\nreiterando que ni la gr\u00faa&nbsp; ni sus\nfundaciones fueron afectadas con el derrumbe parcial del muro frontal&nbsp;&nbsp; <\/p>\n\n\n\n<p><strong>Acci\u00f3n\ninmediata<\/strong><\/p>\n\n\n\n<p>Inmediata fue la acci\u00f3n del gobierno provincial ante el desmoronamiento\nen un sector de la estructura frontal del muelle de atraque del Puerto Nuevo de\nFormosa. \u201cMientras se efect\u00faan los peritajes, an\u00e1lisis del grado de afectaci\u00f3n\ny causas, acordamos todas las providencias de seguridad pertinentes en\nresguardo de las personas, por eso las restricciones del acceso de gente en el\nlugar, para lo cual est\u00e1 abocada la Prefectura Naval de Formosa\u201d. certifico De\nVido. El funcionario junto a un equipo de t\u00e9cnicos especialistas acudieron a la\nd\u00e1rsena local poco despu\u00e9s de ocurrido el suceso este lunes despu\u00e9s de las\n17,30.<\/p>\n\n\n\n<p>Estamos observando el sector afectado, coincidiendo\nprimariamente en el hecho de que venimos soportando sucesivas crecidas\nextraordinarias en los \u00faltimos a\u00f1os y, esta \u00faltima con una bajante abrupta. Esto\nsin dudas puede ser generador de situaciones determinadas en una estructura con\n32 a\u00f1os, pero ser\u00e1n los estudios que determinaran con precisi\u00f3n que hizo que se\nproduzca este colapso en un sector del muro frontal.<\/p>\n\n\n\n<p>Dejo en claro que m\u00e1s all\u00e1 de la cercan\u00eda de la ocurrencia de\neste derrumbe con la gr\u00faa, esta tiene una fundaci\u00f3n&nbsp; independiente, con lo cual no existe\nnecesidad de desmontarla. <\/p>\n\n\n\n<p>Es una zona primaria aduanera y es la Prefectura Naval la\nencargara del resguardo integral, m\u00e1s all\u00e1 de ponernos a disposicion para lo\nque fuese necesario.<\/p>\n","protected":false},"excerpt":{"rendered":"<p>El administrador de Vialidad Provincial, Fernando De Vido, asegur\u00f3 que \u201cni la gr\u00faa ni las fundaciones \u201cfueron afectadas&nbsp; por el desplazamiento del muro frontal ocurrido en la noche del lunes en el puerto local, al tiempo que afirm\u00f3 que se est\u00e1n analizando las causas que determinaron el colapso. De Vido describi\u00f3 que \u201cel muelle est\u00e1 [&hellip;]<\/p>\n","protected":false},"author":11,"featured_media":28387,"comment_status":"open","ping_status":"open","sticky":false,"template":"","format":"standard","meta":{"footnotes":""},"categories":[2],"tags":[],"class_list":["post-37943","post","type-post","status-publish","format-standard","has-post-thumbnail","hentry","category-locales"],"_links":{"self":[{"href":"http:\/\/informeformosa.com.ar\/index.php?rest_route=\/wp\/v2\/posts\/37943","targetHints":{"allow":["GET"]}}],"collection":[{"href":"http:\/\/informeformosa.com.ar\/index.php?rest_route=\/wp\/v2\/posts"}],"about":[{"href":"http:\/\/informeformosa.com.ar\/index.php?rest_route=\/wp\/v2\/types\/post"}],"author":[{"embeddable":true,"href":"http:\/\/informeformosa.com.ar\/index.php?rest_route=\/wp\/v2\/users\/11"}],"replies":[{"embeddable":true,"href":"http:\/\/informeformosa.com.ar\/index.php?rest_route=%2Fwp%2Fv2%2Fcomments&post=37943"}],"version-history":[{"count":1,"href":"http:\/\/informeformosa.com.ar\/index.php?rest_route=\/wp\/v2\/posts\/37943\/revisions"}],"predecessor-version":[{"id":37952,"href":"http:\/\/informeformosa.com.ar\/index.php?rest_route=\/wp\/v2\/posts\/37943\/revisions\/37952"}],"wp:featuredmedia":[{"embeddable":true,"href":"http:\/\/informeformosa.com.ar\/index.php?rest_route=\/wp\/v2\/media\/28387"}],"wp:attachment":[{"href":"http:\/\/informeformosa.com.ar\/index.php?rest_route=%2Fwp%2Fv2%2Fmedia&parent=37943"}],"wp:term":[{"taxonomy":"category","embeddable":true,"href":"http:\/\/informeformosa.com.ar\/index.php?rest_route=%2Fwp%2Fv2%2Fcategories&post=37943"},{"taxonomy":"post_tag","embeddable":true,"href":"http:\/\/informeformosa.com.ar\/index.php?rest_route=%2Fwp%2Fv2%2Ftags&post=37943"}],"curies":[{"name":"wp","href":"https:\/\/api.w.org\/{rel}","templated":true}]}}