{"id":37940,"date":"2019-07-16T19:38:11","date_gmt":"2019-07-16T22:38:11","guid":{"rendered":"http:\/\/informeformosa.com.ar\/?p=37940"},"modified":"2019-07-16T19:38:14","modified_gmt":"2019-07-16T22:38:14","slug":"superan-las-2300-hectareas-de-banana-en-produccion","status":"publish","type":"post","link":"http:\/\/informeformosa.com.ar\/?p=37940","title":{"rendered":"Superan las 2300 hect\u00e1reas de banana en producci\u00f3n"},"content":{"rendered":"\n<p>\u201cLa producci\u00f3n bananera de Formosa es uno de los cultivos m\u00e1s\nimportantes que tenemos en la regi\u00f3n subtropical\u201d, subray\u00f3 el subsecretario de\nla Producci\u00f3n Sustentable, el ingeniero Alejandro Garc\u00eda, remarcando que\n\u201cexisten m\u00e1s de 2300 hect\u00e1reas en producci\u00f3n\u201d.<\/p>\n\n\n\n<p>Precis\u00f3 el funcionario que \u201cson 580 los productores los que\ndesarrollan este cultivo\u201d, siendo que el 80% de los mismos se trata de\npaipperos de menos de cinco hect\u00e1reas.<\/p>\n\n\n\n<p>\u201cEl 80% de la producci\u00f3n est\u00e1 en Naineck, el resto est\u00e1 en\nLaguna Blanca, Buena Vista, Riacho He H\u00e9, Siete Palmas y Tres Lagunas\u201d,\npuntualiz\u00f3.<\/p>\n\n\n\n<p>A su vez, puso en valor que \u201cse trata de un cultivo muy\nimportante en el marco de la diversificaci\u00f3n productiva porque este productor\naparte de hacer banana hace ganader\u00eda, batata, mandioca, tomate, algod\u00f3n en\nalgunos casos, etc\u00e9tera\u201d.<\/p>\n\n\n\n<p>\u201cLa banana es una producci\u00f3n muy trascendente que el Gobierno de\nFormosa la ha posicionado como uno de los cultivos m\u00e1s sustanciales, tiene un\nfuerte apoyo por parte del Estado provincial\u201d, acentu\u00f3 Garc\u00eda.<\/p>\n\n\n\n<p>Consign\u00f3 a su vez que \u201cpara esta \u00e9poca ya se ha comercializado\nm\u00e1s del 50% de la producci\u00f3n\u201d, destacando que \u201chemos tenido muy buenos precios\nde venta de la banana. Se trata de un cultivo estacional que generalmente entra\nen producci\u00f3n desde febrero hasta septiembre-octubre\u201d.<\/p>\n\n\n\n<p><strong>Relevamiento<\/strong><\/p>\n\n\n\n<p>Asimismo, el subsecretario Garc\u00eda refiri\u00f3 que coordinadores y\nt\u00e9cnicos de la cartera productiva estuvieron recorriendo diversas colonias de\nla localidad de Laguna Naineck, como El Para\u00edso, San Juan y Palma Sola,\nefectuando un relevamiento del estado de los cultivos.<\/p>\n\n\n\n<p>En ese marco, pudieron apreciar el buen estado fenol\u00f3gico y\nsanitario de determinados productos, como por ejemplo zapallos y tomates, pese\na las recientes heladas.<\/p>\n","protected":false},"excerpt":{"rendered":"<p>\u201cLa producci\u00f3n bananera de Formosa es uno de los cultivos m\u00e1s importantes que tenemos en la regi\u00f3n subtropical\u201d, subray\u00f3 el subsecretario de la Producci\u00f3n Sustentable, el ingeniero Alejandro Garc\u00eda, remarcando que \u201cexisten m\u00e1s de 2300 hect\u00e1reas en producci\u00f3n\u201d. Precis\u00f3 el funcionario que \u201cson 580 los productores los que desarrollan este cultivo\u201d, siendo que el 80% [&hellip;]<\/p>\n","protected":false},"author":11,"featured_media":28551,"comment_status":"open","ping_status":"open","sticky":false,"template":"","format":"standard","meta":{"footnotes":""},"categories":[13],"tags":[],"class_list":["post-37940","post","type-post","status-publish","format-standard","has-post-thumbnail","hentry","category-produccion"],"_links":{"self":[{"href":"http:\/\/informeformosa.com.ar\/index.php?rest_route=\/wp\/v2\/posts\/37940","targetHints":{"allow":["GET"]}}],"collection":[{"href":"http:\/\/informeformosa.com.ar\/index.php?rest_route=\/wp\/v2\/posts"}],"about":[{"href":"http:\/\/informeformosa.com.ar\/index.php?rest_route=\/wp\/v2\/types\/post"}],"author":[{"embeddable":true,"href":"http:\/\/informeformosa.com.ar\/index.php?rest_route=\/wp\/v2\/users\/11"}],"replies":[{"embeddable":true,"href":"http:\/\/informeformosa.com.ar\/index.php?rest_route=%2Fwp%2Fv2%2Fcomments&post=37940"}],"version-history":[{"count":1,"href":"http:\/\/informeformosa.com.ar\/index.php?rest_route=\/wp\/v2\/posts\/37940\/revisions"}],"predecessor-version":[{"id":37948,"href":"http:\/\/informeformosa.com.ar\/index.php?rest_route=\/wp\/v2\/posts\/37940\/revisions\/37948"}],"wp:featuredmedia":[{"embeddable":true,"href":"http:\/\/informeformosa.com.ar\/index.php?rest_route=\/wp\/v2\/media\/28551"}],"wp:attachment":[{"href":"http:\/\/informeformosa.com.ar\/index.php?rest_route=%2Fwp%2Fv2%2Fmedia&parent=37940"}],"wp:term":[{"taxonomy":"category","embeddable":true,"href":"http:\/\/informeformosa.com.ar\/index.php?rest_route=%2Fwp%2Fv2%2Fcategories&post=37940"},{"taxonomy":"post_tag","embeddable":true,"href":"http:\/\/informeformosa.com.ar\/index.php?rest_route=%2Fwp%2Fv2%2Ftags&post=37940"}],"curies":[{"name":"wp","href":"https:\/\/api.w.org\/{rel}","templated":true}]}}