{"id":37930,"date":"2019-07-15T19:40:00","date_gmt":"2019-07-15T22:40:00","guid":{"rendered":"http:\/\/informeformosa.com.ar\/?p=37930"},"modified":"2019-07-15T19:40:03","modified_gmt":"2019-07-15T22:40:03","slug":"jefe-policial-explico-sobre-los-policias-acusados-de-abuso-sexual-a-una-joven","status":"publish","type":"post","link":"http:\/\/informeformosa.com.ar\/?p=37930","title":{"rendered":"Jefe policial explico sobre los polic\u00edas acusados de abuso sexual a una joven"},"content":{"rendered":"\n<p>El jefe de la Polic\u00eda de la provincia, comisario general&nbsp; Walter Arroyo,&nbsp; ratific\u00f3 que los efectivos policiales\ninvolucrados en una denuncia por abuso sexual se encuentran detenidos a\ndisposici\u00f3n de la justicia y fueron separados de la fuerza, adem\u00e1s se les quito\nel arma, uniforme y placa&nbsp; a cada uno de\nellos. La joven v\u00edctima fue asistida desde el principio por profesionales que\nentienden en hechos como estos, no solo en su estado de salud, sino quienes le\nbrindan contenci\u00f3n an\u00edmica y espiritual, adem\u00e1s de asesorarla y orientarla en\nlas dirigencias judiciales luego del alta m\u00e9dica.<\/p>\n\n\n\n<p>Explico que dos de los acusados se encuentran alojados<\/p>\n\n\n\n<p>en la Unidad Penitenciaria 1, en tanto que un tercero est\u00e1 en\nlibertad pero separado de la fuerza al igual que los detenidos hasta tanto&nbsp; se aclare totalmente&nbsp; la situaci\u00f3n y la responsabilidad de cada uno\nde ellos en el hecho. Tambi\u00e9n lament\u00f3 que \u201chechos de esta naturaleza mancillen\nel nombre y el prestigio&nbsp; de una\ninstituci\u00f3n que trabaja sobre la confianza de una comunidad\u201d.<\/p>\n\n\n\n<p>Arroyo&nbsp; explic\u00f3 que \u201ctres\nmalos polic\u00edas tuvieron una conducta reprochable en el \u00e1mbito de su vida\nprivada&nbsp; involucrado con un caso de abuso\nsexual\u201d, y aclar\u00f3 que si bien fueron tres los involucrados inicialmente, dos de\nellos se encuentran detenidos con las diligencias primarias ordenadas&nbsp; y dirigidas por el Juez, quien el domingo por\nla ma\u00f1ana dispuso la libertad de uno de los agentes involucrados y la detenci\u00f3n\nde dos de ellos.<\/p>\n\n\n\n<p>Respecto a uno de ellos que fue liberado,&nbsp; explico que \u201cfue investigado en el sumario\nadministrativo&nbsp; que se inici\u00f3 en forma\nparalela a la causa judicial, est\u00e1 separado de la fuerza al igual que los\ndetenidos hasta tanto&nbsp; se aclare\ntotalmente&nbsp; la situaci\u00f3n y la\nresponsabilidad de cada uno, mientras que&nbsp;\nlos otros&nbsp; dos polic\u00edas est\u00e1n\nalojados en la Unidad Penitenciaria 1\u201d.<\/p>\n\n\n\n<p>Detall\u00f3 que \u201cel hecho de estar separado de la fuerza significa\nperjuicio econ\u00f3mico, entregar el uniforme, es decir que no son polic\u00edas hasta\nque se resuelva la situaci\u00f3n de cada uno de ellos a futuro.\u201d<\/p>\n\n\n\n<p><strong>El hecho<\/strong><\/p>\n\n\n\n<p>Respecto del hecho en s\u00ed, el Arroyo indic\u00f3 que&nbsp;&nbsp; \u201chabr\u00eda ocurrido entre las 22,30 y 23&nbsp; del s\u00e1bado en un complejo de alquileres\nubicado Pac\u00edfico Scozzina y Avellaneda\u201d,&nbsp;\naclarando que en ese contexto \u201chab\u00eda salido una chica diciendo que hab\u00eda\nsido abusada por dos o tres hombres -ya que no fue muy precisa \u2013 diciendo que\nlos conoc\u00eda y da sus nombres. Los vecinos la socorrieron y llamaron al 911\ndonde le explicaron la situaci\u00f3n. Tambi\u00e9n lleg\u00f3&nbsp;\nla ambulancia para trasladarla al hospital y una comisi\u00f3n policial.\u201d<\/p>\n\n\n\n<p>Especific\u00f3 que \u201cen ese momento hab\u00eda salido uno de los acusados\nde esa habitaci\u00f3n, quien fue retenido por los vecinos y posteriormente&nbsp; detenido por la polic\u00eda, mientras que el otro\ninvolucrado permanec\u00eda dentro. Se&nbsp;\nprocedi\u00f3&nbsp; a la detenci\u00f3n de ambos\npara averiguaci\u00f3n del hecho porque hasta ese momento eran versiones porque no hab\u00eda\nnada formal. Fueron trasladados a la subcomisaria del barrio Colluccio.<\/p>\n\n\n\n<p>Arroyo refiri\u00f3 que luego de hablar con la v\u00edctima, \u00e9sta explic\u00f3\nque \u201chab\u00eda sido invitada por un conocido \u2013 por las redes sociales \u2013 para\nparticipar de una reuni\u00f3n. Ella hab\u00eda asistido con \u00e9l al lugar donde hab\u00eda 5\npersonas en esa habitaci\u00f3n: Tres polic\u00edas y dos chicas. M\u00e1s adelante se retiraron\nun polic\u00eda y una joven\u201d.<\/p>\n\n\n\n<p>Pormenoriz\u00f3&nbsp; que seg\u00fan lo\nrelatado \u201cen ese momento qued\u00f3 la v\u00edctima con los dos polic\u00edas- uno de ellos a\nquien hab\u00eda conocido por las redes sociales &#8211; . Seg\u00fan las expresiones de la\nchica, fue abusada sexualmente\u201d, y dej\u00f3 en claro que \u201cse inform\u00f3 inmediatamente\nal juez y al ministro de Gobierno, quien nos dice que lo primero que se tiene\nque hacer es detener a los involucrados y ponerlos a disposici\u00f3n de la justicia\u201d.<\/p>\n\n\n\n<p>Arroyo detall\u00f3 que el magistrado dispuso diligencias y la\nintervenci\u00f3n del Centro de Investigaciones Forense para el peritaje y ex\u00e1menes\nm\u00e9dicos correspondientes a cargo del m\u00e9dico del Poder Judicial&nbsp;&nbsp; y paralelamente se dispusieron medidas\nadministrativas relacionadas con la separaci\u00f3n&nbsp;\nde los involucrados de la fuerza con las consecuencias econ\u00f3micas\ncorrespondientes.<\/p>\n\n\n\n<p>Tras ratificar que la joven tiene 18 a\u00f1os y de los polic\u00edas\ninvolucrados, dos son de la promoci\u00f3n 2018 y uno de la del&nbsp; 2017, expres\u00f3 que&nbsp; \u201clo concreto es que posteriormente el\nJuez&nbsp; dispuso que dos sean involucrados\nen el hecho&nbsp; y el tercero fue puesto en\nlibertad pero separado de la fuerza&nbsp;\nhasta el total esclarecimiento del caso\u201d.<\/p>\n\n\n\n<p>Finalmente subray\u00f3 que el hecho \u201ces lamentable desde lo\ninstitucional&nbsp; ya que la polic\u00eda es una\ninstituci\u00f3n que trabaja desde la confianza que tiene la comunidad y conductas\nde este tipo, afectan el prestigio institucional\u201d. Y en un claro mensaje a la\npoblaci\u00f3n expres\u00f3 \u201csomos 6797 polic\u00edas, muchos trabajamos para mantener el\nprestigio institucional y acciones como est\u00e1n afecta desde lo an\u00edmico y todo el\nesfuerzo que pusieron que puso tanta gente hoy no sirva porque tenemos que\nestar explicando algo aberrante para que la gente sepa qu\u00e9 pas\u00f3 , que hicimos.\nLo concreto es que pas\u00f3, intervino la justicia y se hizo lo que se ten\u00eda que\nhacer\u201d.<\/p>\n","protected":false},"excerpt":{"rendered":"<p>El jefe de la Polic\u00eda de la provincia, comisario general&nbsp; Walter Arroyo,&nbsp; ratific\u00f3 que los efectivos policiales involucrados en una denuncia por abuso sexual se encuentran detenidos a disposici\u00f3n de la justicia y fueron separados de la fuerza, adem\u00e1s se les quito el arma, uniforme y placa&nbsp; a cada uno de ellos. La joven v\u00edctima [&hellip;]<\/p>\n","protected":false},"author":11,"featured_media":37931,"comment_status":"open","ping_status":"open","sticky":false,"template":"","format":"standard","meta":{"footnotes":""},"categories":[2],"tags":[],"class_list":["post-37930","post","type-post","status-publish","format-standard","has-post-thumbnail","hentry","category-locales"],"_links":{"self":[{"href":"http:\/\/informeformosa.com.ar\/index.php?rest_route=\/wp\/v2\/posts\/37930","targetHints":{"allow":["GET"]}}],"collection":[{"href":"http:\/\/informeformosa.com.ar\/index.php?rest_route=\/wp\/v2\/posts"}],"about":[{"href":"http:\/\/informeformosa.com.ar\/index.php?rest_route=\/wp\/v2\/types\/post"}],"author":[{"embeddable":true,"href":"http:\/\/informeformosa.com.ar\/index.php?rest_route=\/wp\/v2\/users\/11"}],"replies":[{"embeddable":true,"href":"http:\/\/informeformosa.com.ar\/index.php?rest_route=%2Fwp%2Fv2%2Fcomments&post=37930"}],"version-history":[{"count":1,"href":"http:\/\/informeformosa.com.ar\/index.php?rest_route=\/wp\/v2\/posts\/37930\/revisions"}],"predecessor-version":[{"id":37932,"href":"http:\/\/informeformosa.com.ar\/index.php?rest_route=\/wp\/v2\/posts\/37930\/revisions\/37932"}],"wp:featuredmedia":[{"embeddable":true,"href":"http:\/\/informeformosa.com.ar\/index.php?rest_route=\/wp\/v2\/media\/37931"}],"wp:attachment":[{"href":"http:\/\/informeformosa.com.ar\/index.php?rest_route=%2Fwp%2Fv2%2Fmedia&parent=37930"}],"wp:term":[{"taxonomy":"category","embeddable":true,"href":"http:\/\/informeformosa.com.ar\/index.php?rest_route=%2Fwp%2Fv2%2Fcategories&post=37930"},{"taxonomy":"post_tag","embeddable":true,"href":"http:\/\/informeformosa.com.ar\/index.php?rest_route=%2Fwp%2Fv2%2Ftags&post=37930"}],"curies":[{"name":"wp","href":"https:\/\/api.w.org\/{rel}","templated":true}]}}