{"id":37911,"date":"2019-07-15T19:47:42","date_gmt":"2019-07-15T22:47:42","guid":{"rendered":"http:\/\/informeformosa.com.ar\/?p=37911"},"modified":"2019-07-15T19:47:45","modified_gmt":"2019-07-15T22:47:45","slug":"fiesta-patronal-de-nuestra-senora-del-carmen","status":"publish","type":"post","link":"http:\/\/informeformosa.com.ar\/?p=37911","title":{"rendered":"Fiesta Patronal de Nuestra Se\u00f1ora del Carmen"},"content":{"rendered":"\n<p>Este martes desde horas tempranas, comenzaran las actividades enmarcadas\nen el programa celebratorio por la fiesta patronal de Nuestra Se\u00f1ora del Carmen.\nSe espera una masiva participaci\u00f3n comunitaria, no solo por el&nbsp; feriado de la fecha, sino por la devoci\u00f3n de\nla ciudadan\u00eda a la Santa Patrona.<\/p>\n\n\n\n<p>Y a partir de las 6 de la ma\u00f1ana se oficiara el Santo Rosario de\nla Aurora, mientras poco antes se iniciaran las procesiones&nbsp; desde Jun\u00edn y Moreno, Fontana y\nPringles.&nbsp; Brandsen y avenida 9 de Julio,\nSalta y Padre Pati\u00f1 y desde Moreno y Paraguay.&nbsp;\nMedia hora m\u00e1s tarde se realizar\u00e1 la Santa Misa de la Aurora, la cual se\nrepetir\u00e1 a las 8.<\/p>\n\n\n\n<p>Para las 9 se anticipa compartir el tradicional chocolate para\nni\u00f1os, previo a que a partir de las 10 horas se oficie con los infantes una\nnueva Santa Misa ofrecida por la Junta Diocesana de Catequesis. Al finalizar\nbendici\u00f3n a los ni\u00f1os y las familias.<\/p>\n\n\n\n<p>Desde las 15 se concretar\u00e1 la procesi\u00f3n desde la rotonda de la\nVirgen del Carmen hasta Iglesia Catedral, tras la llegada se rezar\u00e1 la Santa\nMisa presidida por monse\u00f1or Jos\u00e9 Vicente Conejero Gallego.<\/p>\n\n\n\n<p>A las 20 se celebrara la Santa Misa de acci\u00f3n de gracias por\ntodo lo vivido durante el mes, la novena y la Fiesta de la Virgen del Carmen. <\/p>\n\n\n\n<p><strong>Feriado<\/strong><\/p>\n\n\n\n<p>La ley Provincial N\u00ba 168, sancionada el 6 de diciembre de 1960,\ndeclar\u00f3 a la Virgen del Carmen Patrona de Formosa y feriado en todo el\nterritorio provincial, la cual es ratificada anualmente por el PEP.<\/p>\n\n\n\n<p>Se evoc\u00f3 que la imagen de la Virgen del Carmen lleg\u00f3 a la tierra\nformose\u00f1a el 10 de julio de 1879, junto con la imagen de San Miguel Arc\u00e1ngel en\nel Barco \u201cEl Resguardo\u201d proveniente de Villa Occidental.<\/p>\n\n\n\n<p>Las primeras celebraciones en su honor s hicieron debajo de un\n\u00e1rbol, traslad\u00e1ndose m\u00e1s adelante&nbsp; a una\ncasa desprovista de puertas ni ventanas que utilizaban los animales como refugio,\nubicada en la calle Moreno y Saavedra, donde actualmente funciona la Jefatura\nde Polic\u00eda de la Provincia. Reci\u00e9n en el a\u00f1o 1896 comienza la construcci\u00f3n de\nla actual Catedral donde se encuentra su C\u00fapula.<\/p>\n","protected":false},"excerpt":{"rendered":"<p>Este martes desde horas tempranas, comenzaran las actividades enmarcadas en el programa celebratorio por la fiesta patronal de Nuestra Se\u00f1ora del Carmen. Se espera una masiva participaci\u00f3n comunitaria, no solo por el&nbsp; feriado de la fecha, sino por la devoci\u00f3n de la ciudadan\u00eda a la Santa Patrona. Y a partir de las 6 de la [&hellip;]<\/p>\n","protected":false},"author":11,"featured_media":37937,"comment_status":"open","ping_status":"open","sticky":false,"template":"","format":"standard","meta":{"footnotes":""},"categories":[2],"tags":[],"class_list":["post-37911","post","type-post","status-publish","format-standard","has-post-thumbnail","hentry","category-locales"],"_links":{"self":[{"href":"http:\/\/informeformosa.com.ar\/index.php?rest_route=\/wp\/v2\/posts\/37911","targetHints":{"allow":["GET"]}}],"collection":[{"href":"http:\/\/informeformosa.com.ar\/index.php?rest_route=\/wp\/v2\/posts"}],"about":[{"href":"http:\/\/informeformosa.com.ar\/index.php?rest_route=\/wp\/v2\/types\/post"}],"author":[{"embeddable":true,"href":"http:\/\/informeformosa.com.ar\/index.php?rest_route=\/wp\/v2\/users\/11"}],"replies":[{"embeddable":true,"href":"http:\/\/informeformosa.com.ar\/index.php?rest_route=%2Fwp%2Fv2%2Fcomments&post=37911"}],"version-history":[{"count":1,"href":"http:\/\/informeformosa.com.ar\/index.php?rest_route=\/wp\/v2\/posts\/37911\/revisions"}],"predecessor-version":[{"id":37938,"href":"http:\/\/informeformosa.com.ar\/index.php?rest_route=\/wp\/v2\/posts\/37911\/revisions\/37938"}],"wp:featuredmedia":[{"embeddable":true,"href":"http:\/\/informeformosa.com.ar\/index.php?rest_route=\/wp\/v2\/media\/37937"}],"wp:attachment":[{"href":"http:\/\/informeformosa.com.ar\/index.php?rest_route=%2Fwp%2Fv2%2Fmedia&parent=37911"}],"wp:term":[{"taxonomy":"category","embeddable":true,"href":"http:\/\/informeformosa.com.ar\/index.php?rest_route=%2Fwp%2Fv2%2Fcategories&post=37911"},{"taxonomy":"post_tag","embeddable":true,"href":"http:\/\/informeformosa.com.ar\/index.php?rest_route=%2Fwp%2Fv2%2Ftags&post=37911"}],"curies":[{"name":"wp","href":"https:\/\/api.w.org\/{rel}","templated":true}]}}