{"id":37892,"date":"2019-07-14T21:07:08","date_gmt":"2019-07-15T00:07:08","guid":{"rendered":"http:\/\/informeformosa.com.ar\/?p=37892"},"modified":"2019-07-14T21:07:16","modified_gmt":"2019-07-15T00:07:16","slug":"desde-este-lunes-vacaciones-invernales","status":"publish","type":"post","link":"http:\/\/informeformosa.com.ar\/?p=37892","title":{"rendered":"Desde este lunes vacaciones invernales"},"content":{"rendered":"\n<p>De\nacuerdo a lo establecido en el calendario escolar de este a\u00f1o, desde este lunes\n15 y hasta el viernes 26 de julio, estar\u00e1 vigente el receso escolar invernal.<\/p>\n\n\n\n<p>Las\nvacaciones ser\u00e1n para los niveles: Inicial, Primario y Secundario, tanto de\nestablecimientos p\u00fablicos como los de gesti\u00f3n privada, cuyos alumnos deber\u00e1n retornar\na las aulas el lunes 29.<\/p>\n\n\n\n<p>Se\naclar\u00f3 que \u00ablos comedores seguir\u00e1n abiertos\u201d, ya que si bien con las\nvacaciones de invierno los escolares no asisten a clases, \u201cnosotros seguimos\nporque tenemos que estar pendientes del funcionamiento de las instituciones y\nque se desarrolle en forma normal la alimentaci\u00f3n de los ni\u00f1os, que es tan\nnecesaria en los turnos ma\u00f1ana con el desayuno, al mediod\u00eda con el almuerzo y a\nla tarde con una merienda que incluye los l\u00e1cteos necesarios\u00bb.<\/p>\n\n\n\n<p>\u201cComo\ntodos los a\u00f1os, se realiza un relevamiento en todas las instituciones y tenemos\nasegurada la cantidad de ni\u00f1os que van a asistir a los comedores y las personas\nque van a ir recorriendo los establecimientos educativos, visitando y\ncorroborando que esa asistencia se desarrolle en forma normal\u201d, fue explicado.<\/p>\n\n\n\n<p>Agreg\u00f3\nen ese sentido que \u00aba eso tenemos que sumarle la asistencia del docente\nporque tambi\u00e9n ellos har\u00e1n turnos en las instituciones para la atenci\u00f3n del\ncomedor\u00bb.&nbsp; <\/p>\n\n\n\n<p><strong>Buen uso del\ntiempo libre<\/strong><\/p>\n\n\n\n<p>Por\notra parte, se indico que de manera anticipada, muchos establecimientos\neducativos de los distintos niveles y modalidades diagramaron programas para el\nmejor uso del tiempo libre por parte de los escolares. Es as\u00ed que organizan\nespacios educativos extendidos ofreciendo la posibilidad de aprender,\ninteractuar y compartir, con el prop\u00f3sito que la escuela siga siendo el lugar\npara crecer, a\u00fan en vacaciones. <\/p>\n\n\n\n<p>Tambi\u00e9n\nse cuentan actividades culturales, deportivas, art\u00edsticas y recreativas que\nfavorecen la inclusi\u00f3n educativa de los alumnos. Se trata de trabajar en la\nrevalorizaci\u00f3n de una instancia no solo recreativa sino tambi\u00e9n de conocimiento\ny aprendizaje, como tambi\u00e9n pedag\u00f3gica, donde el ni\u00f1o\/sujeto, que atraviesa\ndicho proceso logre enriquecer sus conocimientos, aprenda, se muestre en condiciones\nde investigar su realidad, su entorno y su vida cotidiana.<\/p>\n","protected":false},"excerpt":{"rendered":"<p>De acuerdo a lo establecido en el calendario escolar de este a\u00f1o, desde este lunes 15 y hasta el viernes 26 de julio, estar\u00e1 vigente el receso escolar invernal. Las vacaciones ser\u00e1n para los niveles: Inicial, Primario y Secundario, tanto de establecimientos p\u00fablicos como los de gesti\u00f3n privada, cuyos alumnos deber\u00e1n retornar a las aulas [&hellip;]<\/p>\n","protected":false},"author":11,"featured_media":37900,"comment_status":"open","ping_status":"open","sticky":false,"template":"","format":"standard","meta":{"footnotes":""},"categories":[4],"tags":[],"class_list":["post-37892","post","type-post","status-publish","format-standard","has-post-thumbnail","hentry","category-educacion"],"_links":{"self":[{"href":"http:\/\/informeformosa.com.ar\/index.php?rest_route=\/wp\/v2\/posts\/37892","targetHints":{"allow":["GET"]}}],"collection":[{"href":"http:\/\/informeformosa.com.ar\/index.php?rest_route=\/wp\/v2\/posts"}],"about":[{"href":"http:\/\/informeformosa.com.ar\/index.php?rest_route=\/wp\/v2\/types\/post"}],"author":[{"embeddable":true,"href":"http:\/\/informeformosa.com.ar\/index.php?rest_route=\/wp\/v2\/users\/11"}],"replies":[{"embeddable":true,"href":"http:\/\/informeformosa.com.ar\/index.php?rest_route=%2Fwp%2Fv2%2Fcomments&post=37892"}],"version-history":[{"count":1,"href":"http:\/\/informeformosa.com.ar\/index.php?rest_route=\/wp\/v2\/posts\/37892\/revisions"}],"predecessor-version":[{"id":37901,"href":"http:\/\/informeformosa.com.ar\/index.php?rest_route=\/wp\/v2\/posts\/37892\/revisions\/37901"}],"wp:featuredmedia":[{"embeddable":true,"href":"http:\/\/informeformosa.com.ar\/index.php?rest_route=\/wp\/v2\/media\/37900"}],"wp:attachment":[{"href":"http:\/\/informeformosa.com.ar\/index.php?rest_route=%2Fwp%2Fv2%2Fmedia&parent=37892"}],"wp:term":[{"taxonomy":"category","embeddable":true,"href":"http:\/\/informeformosa.com.ar\/index.php?rest_route=%2Fwp%2Fv2%2Fcategories&post=37892"},{"taxonomy":"post_tag","embeddable":true,"href":"http:\/\/informeformosa.com.ar\/index.php?rest_route=%2Fwp%2Fv2%2Ftags&post=37892"}],"curies":[{"name":"wp","href":"https:\/\/api.w.org\/{rel}","templated":true}]}}