{"id":37891,"date":"2019-07-14T21:05:46","date_gmt":"2019-07-15T00:05:46","guid":{"rendered":"http:\/\/informeformosa.com.ar\/?p=37891"},"modified":"2019-07-14T21:05:50","modified_gmt":"2019-07-15T00:05:50","slug":"para-eber-solis-el-frente-de-todos-es-el-unico-que-puede-evitar-danos-irreparables","status":"publish","type":"post","link":"http:\/\/informeformosa.com.ar\/?p=37891","title":{"rendered":"Para Eber Solis el \u201cFrente de Todos\u201d es el \u00fanico que puede evitar \u201cda\u00f1os irreparables\u201d"},"content":{"rendered":"\n<p>\u201cUna\nnueva gesti\u00f3n macrista generara un da\u00f1o irreparable a la Argentina, esencialmente\nal entramado social castigado por una pol\u00edtica neoliberal que arroja a diario\nmiles de argentinos a la pobreza\u201d, advirti\u00f3 el electo vicegobernador formose\u00f1o,\nEber Solis.<\/p>\n\n\n\n<p>Lo\nhizo en el marco de una gira por una docena de poblaciones y parajes del\nnoroeste provincial, comoSausalito, Irigoyen, Solitario,Tres Pases, Rio Muerto,\nLa Banderita, Alto Alegre y Bajo Hondo, Guadalcazar, San Cayetano, Pilcomayo,\nLamadrid, Media Luna y La Libertad.<\/p>\n\n\n\n<p>Junto\nal legislador Luis L\u00f3pez Guaymas y dirigentes de la regi\u00f3n, como Melanio Acosta\ny Oscar Mendieta, expuso que \u201cen esta parte de la provincia se alcanza a\ndimensionar las pol\u00edticas nacionales y populares que estamos proponiendo retome\nla senda pol\u00edtica argentina. Es que&nbsp; esta\nfranja formose\u00f1a, hoy cuenta con&nbsp; luz\nel\u00e9ctrica las 24 horas, agua potable, pavimento, conectividad, escuelas de todos\nlos niveles y modalidades, servicio de salud y desarrollo productivo a partir\nde un pol\u00edtica que centra su accionar en los postulados peronistas\u201d.<\/p>\n\n\n\n<p>Sostuvo\nque \u201ces el gobernador Insfran el hacedor de la\nhistoria grande de la provincia en general y esta zona noroeste en particular,\na partir de que fue el gestor de que aqu\u00ed dejaran atr\u00e1s definitivamente el\naislamiento y se los integrara social y territorialmente\u201d<\/p>\n\n\n\n<p>Entiende Solis que el mandatario \u201ces un ejemplo de c\u00f3mo los\nsue\u00f1os se concretizan cuando las aspiraciones populares son interpretadas y\npriorizadas por los gobernantes que tienen claro lo que significa crear las\ncondiciones para que los formose\u00f1os, vivan donde vivan puedan realizarse en su\npropia tierra y tener igualdad de oportunidades para aspirar a un futuro m\u00e1s\nexpectante\u201d, expres\u00f3.<\/p>\n\n\n\n<p>Cada uno debe tomar conciencia \u201csobre la incidencia de la\nideolog\u00eda en las decisiones sobre la ejecuci\u00f3n de las obras materiales.&nbsp; Porque del mismo modo como tuvimos que\nescuchar que Formosa estaba incluida entre las provincias inviables cuando como\nhoy, el neoliberalismo reg\u00eda los destinos del pa\u00eds, esta regi\u00f3n solamente pod\u00eda\nser parte de las esperanzas de los pobladores y de los conductores visionarios,\nla misma que formulamos para estas elecciones\u201d.<\/p>\n\n\n\n<p>Sostuvo que \u201cles dije a los docentes, m\u00e9dicos, enfermeros,\nproductores y al com\u00fan de los vecinos, abor\u00edgenes y criollos, que \u201cla\ndecisi\u00f3n del peronismo representado en el Frente de Todos, tomo firmes\ncompromisos sociales, como la decisi\u00f3n de dejar de sacar la plata del bolsillo\na la gente con la excusa de combatir la inflaci\u00f3n o dolarizar las tarifas\u201d.<\/p>\n\n\n\n<p>\u201cEstamos\npidiendo que nos ayuden a dar vuelta la p\u00e1gina de los desencuentros, prender la\neconom\u00eda poniendo m\u00e1s plata en los bolsillos de la gente y frenar la intenci\u00f3n\nde reformas da\u00f1inas como la previsional y la laboral, que a instancia de nuevas\nexigencias del FMI solo castigara aun mas a los trabajadores y a los\njubilados\u201d, revelo.<\/p>\n\n\n\n<p>Exhorto\nfinalmente a \u201crebelarnos contra este gobierno nacional que propone resignaci\u00f3n.\nNo es verdad que no hay otro camino, existe y vendr\u00e1 de la mano de Alberto Fern\u00e1ndez-Cristina\nFern\u00e1ndez de Kirchner en Casa Rosada y nuestros representantes en la C\u00e1mara\nBaja: Luis Basterra, Graciela Parola y Agust\u00edn Samaniego\u201d.<\/p>\n","protected":false},"excerpt":{"rendered":"<p>\u201cUna nueva gesti\u00f3n macrista generara un da\u00f1o irreparable a la Argentina, esencialmente al entramado social castigado por una pol\u00edtica neoliberal que arroja a diario miles de argentinos a la pobreza\u201d, advirti\u00f3 el electo vicegobernador formose\u00f1o, Eber Solis. Lo hizo en el marco de una gira por una docena de poblaciones y parajes del noroeste provincial, [&hellip;]<\/p>\n","protected":false},"author":11,"featured_media":37897,"comment_status":"open","ping_status":"open","sticky":false,"template":"","format":"standard","meta":{"footnotes":""},"categories":[11],"tags":[],"class_list":["post-37891","post","type-post","status-publish","format-standard","has-post-thumbnail","hentry","category-interior"],"_links":{"self":[{"href":"http:\/\/informeformosa.com.ar\/index.php?rest_route=\/wp\/v2\/posts\/37891","targetHints":{"allow":["GET"]}}],"collection":[{"href":"http:\/\/informeformosa.com.ar\/index.php?rest_route=\/wp\/v2\/posts"}],"about":[{"href":"http:\/\/informeformosa.com.ar\/index.php?rest_route=\/wp\/v2\/types\/post"}],"author":[{"embeddable":true,"href":"http:\/\/informeformosa.com.ar\/index.php?rest_route=\/wp\/v2\/users\/11"}],"replies":[{"embeddable":true,"href":"http:\/\/informeformosa.com.ar\/index.php?rest_route=%2Fwp%2Fv2%2Fcomments&post=37891"}],"version-history":[{"count":1,"href":"http:\/\/informeformosa.com.ar\/index.php?rest_route=\/wp\/v2\/posts\/37891\/revisions"}],"predecessor-version":[{"id":37898,"href":"http:\/\/informeformosa.com.ar\/index.php?rest_route=\/wp\/v2\/posts\/37891\/revisions\/37898"}],"wp:featuredmedia":[{"embeddable":true,"href":"http:\/\/informeformosa.com.ar\/index.php?rest_route=\/wp\/v2\/media\/37897"}],"wp:attachment":[{"href":"http:\/\/informeformosa.com.ar\/index.php?rest_route=%2Fwp%2Fv2%2Fmedia&parent=37891"}],"wp:term":[{"taxonomy":"category","embeddable":true,"href":"http:\/\/informeformosa.com.ar\/index.php?rest_route=%2Fwp%2Fv2%2Fcategories&post=37891"},{"taxonomy":"post_tag","embeddable":true,"href":"http:\/\/informeformosa.com.ar\/index.php?rest_route=%2Fwp%2Fv2%2Ftags&post=37891"}],"curies":[{"name":"wp","href":"https:\/\/api.w.org\/{rel}","templated":true}]}}