{"id":37889,"date":"2019-07-14T21:03:54","date_gmt":"2019-07-15T00:03:54","guid":{"rendered":"http:\/\/informeformosa.com.ar\/?p=37889"},"modified":"2019-07-14T21:03:59","modified_gmt":"2019-07-15T00:03:59","slug":"celebran-el-86-aniversario-del-servicio-penitenciario-federal","status":"publish","type":"post","link":"http:\/\/informeformosa.com.ar\/?p=37889","title":{"rendered":"Celebran el 86\u00b0 aniversario del Servicio Penitenciario Federal"},"content":{"rendered":"\n<p>Este\nmartes 16 a partir de las 10&nbsp; se\nrealizara el acto central conmemorativo al 86\u00b0 aniversario del Servicio\nPenitenciario Federal, que se llevara a cabo frente a la Unidad 10 de Formosa,\nsito en 25 de Mayo y De\u00e1n Funes.<\/p>\n\n\n\n<p>Autoridades\nde los diferentes poderes y la plana mayor de las fuerzas policiales y de\nseguridad local, compartir\u00e1n esta conmemoraci\u00f3n con el SPF, que localmente esta\nbajo la responsabilidad del director de la unidad penitenciaria, el alcaide\nmayor, Gustavo Lutringer<\/p>\n\n\n\n<p>La\nU-10 es un establecimiento cerrado de mediana seguridad con alojamiento\ncolectivo distribuido en cinco pabellones. Cuenta con un amplio campo laboral\ndonde se desarrollan m\u00faltiples talleres agr\u00edcolas y de cr\u00eda de animales. <\/p>\n\n\n\n<p>Se\ndictan niveles de educaci\u00f3n formal a los internos, desde el Primario al\nSecundario donde se puede optar entre bachiller para adultos, orientaci\u00f3n\nEconom\u00eda y Gesti\u00f3n de las organizaciones y en Gesti\u00f3n de Micro-emprendimiento. La\nunidad posee stalleres productivos en diferentes oficios.<\/p>\n\n\n\n<p>Dentro\nde la unidad hay tres consultorios, una oficina de despacho y una sala de\ninternaci\u00f3n. Tambi\u00e9n, profesionales m\u00e9dicos con especialidad en psiquiatr\u00eda,\nmedicina cl\u00ednica, traumatolog\u00eda, odontolog\u00eda y psicolog\u00eda.<\/p>\n\n\n\n<p><strong>Historia<\/strong><\/p>\n\n\n\n<p>El\nestablecimiento se habilit\u00f3 en los primeros meses de 1897 y, en 1923, pas\u00f3 a\ndepender del Poder Ejecutivo Nacional a trav\u00e9s del ministerio de Justicia e\nInstrucci\u00f3n P\u00fablica. El 18 de julio de 1930 se inaugur\u00f3 un nuevo pabell\u00f3n. Por\ndecreto 809 del 22 de mayo de 1969, el gobernador provincial Augusto Sosa\nLaprida afect\u00f3 con fines de utilidad p\u00fablica y con destino a la Direcci\u00f3n\nNacional de Institutos Penales los lotes 274, 275, 294 y 295 de Colonia Formosa\ncon una superficie de 400 hect\u00e1reas. All\u00ed se cre\u00f3 la Colonia Penal de Formosa\n(Unidad 8), que luego pas\u00f3 a denominarse Instituto Correccional Abierto de\nFormosa y, finalmente, pas\u00f3 a depender de la C\u00e1rcel de Formosa (Unidad 10),\ncomo su anexo.<\/p>\n\n\n\n<p>En\nel 2000, se habilit\u00f3 en sus terrenos el Centro de Producci\u00f3n y Capacitaci\u00f3n\nLaboral y se aprob\u00f3 el reglamento interno de funcionamiento, que tiene como\nobjetivo primordial la actividad productiva y la capacitaci\u00f3n laboral de las\npersonas privadas de la libertad que all\u00ed se alojan.<\/p>\n","protected":false},"excerpt":{"rendered":"<p>Este martes 16 a partir de las 10&nbsp; se realizara el acto central conmemorativo al 86\u00b0 aniversario del Servicio Penitenciario Federal, que se llevara a cabo frente a la Unidad 10 de Formosa, sito en 25 de Mayo y De\u00e1n Funes. Autoridades de los diferentes poderes y la plana mayor de las fuerzas policiales y [&hellip;]<\/p>\n","protected":false},"author":11,"featured_media":37893,"comment_status":"open","ping_status":"open","sticky":false,"template":"","format":"standard","meta":{"footnotes":""},"categories":[2],"tags":[],"class_list":["post-37889","post","type-post","status-publish","format-standard","has-post-thumbnail","hentry","category-locales"],"_links":{"self":[{"href":"http:\/\/informeformosa.com.ar\/index.php?rest_route=\/wp\/v2\/posts\/37889","targetHints":{"allow":["GET"]}}],"collection":[{"href":"http:\/\/informeformosa.com.ar\/index.php?rest_route=\/wp\/v2\/posts"}],"about":[{"href":"http:\/\/informeformosa.com.ar\/index.php?rest_route=\/wp\/v2\/types\/post"}],"author":[{"embeddable":true,"href":"http:\/\/informeformosa.com.ar\/index.php?rest_route=\/wp\/v2\/users\/11"}],"replies":[{"embeddable":true,"href":"http:\/\/informeformosa.com.ar\/index.php?rest_route=%2Fwp%2Fv2%2Fcomments&post=37889"}],"version-history":[{"count":1,"href":"http:\/\/informeformosa.com.ar\/index.php?rest_route=\/wp\/v2\/posts\/37889\/revisions"}],"predecessor-version":[{"id":37894,"href":"http:\/\/informeformosa.com.ar\/index.php?rest_route=\/wp\/v2\/posts\/37889\/revisions\/37894"}],"wp:featuredmedia":[{"embeddable":true,"href":"http:\/\/informeformosa.com.ar\/index.php?rest_route=\/wp\/v2\/media\/37893"}],"wp:attachment":[{"href":"http:\/\/informeformosa.com.ar\/index.php?rest_route=%2Fwp%2Fv2%2Fmedia&parent=37889"}],"wp:term":[{"taxonomy":"category","embeddable":true,"href":"http:\/\/informeformosa.com.ar\/index.php?rest_route=%2Fwp%2Fv2%2Fcategories&post=37889"},{"taxonomy":"post_tag","embeddable":true,"href":"http:\/\/informeformosa.com.ar\/index.php?rest_route=%2Fwp%2Fv2%2Ftags&post=37889"}],"curies":[{"name":"wp","href":"https:\/\/api.w.org\/{rel}","templated":true}]}}