{"id":37867,"date":"2019-07-12T21:56:32","date_gmt":"2019-07-13T00:56:32","guid":{"rendered":"http:\/\/informeformosa.com.ar\/?p=37867"},"modified":"2019-07-12T21:56:35","modified_gmt":"2019-07-13T00:56:35","slug":"recordaron-al-oficial-policial-bini-a-10-anos-de-su-tragica-muerte","status":"publish","type":"post","link":"http:\/\/informeformosa.com.ar\/?p=37867","title":{"rendered":"Recordaron  al oficial policial Bini a  10 a\u00f1os de su tr\u00e1gica muerte"},"content":{"rendered":"\n<p>El\nministro de Gobierno, Jorge Abel Gonz\u00e1lez, presidi\u00f3&nbsp;&nbsp;este viernes por\nla ma\u00f1ana&nbsp;&nbsp;la&nbsp;evocaci\u00f3n en memoria del Oficial Principal de la\nPolic\u00eda provincial, Gustavo Ram\u00f3n Bini, fallecido hace una d\u00e9cada en\ncumplimiento del deber.<\/p>\n\n\n\n<p>Fue en\nla subcomisaria del barrio Colluccio, dependencia a la que se instituyo el\nnombre del malogrado polic\u00eda, donde adem\u00e1s asisti\u00f3 el jefe policial, comisario\ngeneral Walter Arroyo, la plana mayor de la instituci\u00f3n, adem\u00e1s de los padres y\nfamiliares m\u00e1s \u00edntimos del joven efectivo muerto tr\u00e1gicamente, quienes se\nunieron en esta conmemoraci\u00f3n que anualmente se renueva.<\/p>\n\n\n\n<p>Bini\nfalleci\u00f3 en una \u201cvalerosa acci\u00f3n de entrega por amor al pr\u00f3jimo en cumplimiento\ndel deber\u201d, anualmente en la plaza de armas de la dependencia policial, donde\nse erige un monolito que perpet\u00faa la memoria del malogrado oficial policial, se\ndan sentidos testimonios de respetuoso homenaje.<\/p>\n\n\n\n<p>Se\nrecord\u00f3 que perdi\u00f3 la vida un d\u00eda domingo a las 9 de la ma\u00f1ana cuando una\npersona desequilibrada con un arma en la mano acabo con su vida. Y era alguien\nque el oficial conoc\u00eda porque ya en varias oportunidades debi\u00f3 intervenir en el\nmismo barrio por algunas actitudes de esta misma persona&nbsp;&nbsp;<\/p>\n\n\n\n<p>Otro\naspecto que se signific\u00f3 fue las ganas de trabajar hicieron que Bini fuera en\nsu moto particular a la actuaci\u00f3n en el barrio 12 de Octubre, y ni bien se saco\nel casco recibi\u00f3 el disparo en la calle. Fue un hecho trist\u00edsimo y angustioso,\ny que incluso sirvi\u00f3 para reforzar la consigna de no m\u00e1s patrullajes\nindividuales sino en grupo y con mucho despliegue de efectivos y veh\u00edculos como\nsucede en los <strong>\u00faltimos a\u00f1os.<\/strong><\/p>\n\n\n\n<p><strong>Gonz\u00e1lez<\/strong><\/p>\n\n\n\n<p>El ministro de Gobierno Justicia y\nTrabajo, Abel Gonz\u00e1lez destac\u00f3 que \u201csi bien todas las personas que eligen la\ncarrera policial para&nbsp;&nbsp;desarrollar su vocaci\u00f3n de servicio, estos\ndemuestran que no es una profesi\u00f3n que sea para cualquiera sino para aquellos\nque se comprometen en verdad hasta dar lo m\u00e1s preciado que tiene que es la\npropia vida al servicio de los otros.\u201d<\/p>\n\n\n\n<p>Subray\u00f3 que \u201cla&nbsp;&nbsp;provincia de\nFormosa tiene una polic\u00eda comprometida que ha ofrendado muchos de sus\nefectivos&nbsp;&nbsp;<\/p>\n\n\n\n<p>&nbsp;En situaci\u00f3n de servicio, lo que\nhabla a las clara de una polic\u00eda altamente comprometida&nbsp;&nbsp;con la\ncomunidad.\u201d trat\u00f3 de un acto muy sentido, recordando a quien perdiera la vida\nen cumplimiento del deber\u201d.<\/p>\n\n\n\n<p>Puso de relieve que la polic\u00eda de la\nprovincia tiene una de las estad\u00edsticas m\u00e1s bajas del pa\u00eds debido \u201cal trabajo\npermanente&nbsp;&nbsp;que hace que las pol\u00edticas de inclusi\u00f3n&nbsp;&nbsp;que\nlleva adelante como gobierno&nbsp;&nbsp;para brindar a los formose\u00f1os mejores\ncondiciones de vida, tiene su correlato&nbsp;&nbsp;con lo que hace a la\nseguridad .\u201d<\/p>\n","protected":false},"excerpt":{"rendered":"<p>El ministro de Gobierno, Jorge Abel Gonz\u00e1lez, presidi\u00f3&nbsp;&nbsp;este viernes por la ma\u00f1ana&nbsp;&nbsp;la&nbsp;evocaci\u00f3n en memoria del Oficial Principal de la Polic\u00eda provincial, Gustavo Ram\u00f3n Bini, fallecido hace una d\u00e9cada en cumplimiento del deber. Fue en la subcomisaria del barrio Colluccio, dependencia a la que se instituyo el nombre del malogrado polic\u00eda, donde adem\u00e1s asisti\u00f3 el jefe [&hellip;]<\/p>\n","protected":false},"author":11,"featured_media":37876,"comment_status":"open","ping_status":"open","sticky":false,"template":"","format":"standard","meta":{"footnotes":""},"categories":[2],"tags":[],"class_list":["post-37867","post","type-post","status-publish","format-standard","has-post-thumbnail","hentry","category-locales"],"_links":{"self":[{"href":"http:\/\/informeformosa.com.ar\/index.php?rest_route=\/wp\/v2\/posts\/37867","targetHints":{"allow":["GET"]}}],"collection":[{"href":"http:\/\/informeformosa.com.ar\/index.php?rest_route=\/wp\/v2\/posts"}],"about":[{"href":"http:\/\/informeformosa.com.ar\/index.php?rest_route=\/wp\/v2\/types\/post"}],"author":[{"embeddable":true,"href":"http:\/\/informeformosa.com.ar\/index.php?rest_route=\/wp\/v2\/users\/11"}],"replies":[{"embeddable":true,"href":"http:\/\/informeformosa.com.ar\/index.php?rest_route=%2Fwp%2Fv2%2Fcomments&post=37867"}],"version-history":[{"count":1,"href":"http:\/\/informeformosa.com.ar\/index.php?rest_route=\/wp\/v2\/posts\/37867\/revisions"}],"predecessor-version":[{"id":37877,"href":"http:\/\/informeformosa.com.ar\/index.php?rest_route=\/wp\/v2\/posts\/37867\/revisions\/37877"}],"wp:featuredmedia":[{"embeddable":true,"href":"http:\/\/informeformosa.com.ar\/index.php?rest_route=\/wp\/v2\/media\/37876"}],"wp:attachment":[{"href":"http:\/\/informeformosa.com.ar\/index.php?rest_route=%2Fwp%2Fv2%2Fmedia&parent=37867"}],"wp:term":[{"taxonomy":"category","embeddable":true,"href":"http:\/\/informeformosa.com.ar\/index.php?rest_route=%2Fwp%2Fv2%2Fcategories&post=37867"},{"taxonomy":"post_tag","embeddable":true,"href":"http:\/\/informeformosa.com.ar\/index.php?rest_route=%2Fwp%2Fv2%2Ftags&post=37867"}],"curies":[{"name":"wp","href":"https:\/\/api.w.org\/{rel}","templated":true}]}}