{"id":37865,"date":"2019-07-12T21:59:20","date_gmt":"2019-07-13T00:59:20","guid":{"rendered":"http:\/\/informeformosa.com.ar\/?p=37865"},"modified":"2019-07-12T21:59:23","modified_gmt":"2019-07-13T00:59:23","slug":"recriminan-campana-basada-en-mentiras-del-oficialismo-nacional","status":"publish","type":"post","link":"http:\/\/informeformosa.com.ar\/?p=37865","title":{"rendered":"Recriminan \u201ccampa\u00f1a basada en mentiras\u201d del oficialismo nacional"},"content":{"rendered":"\n<p>Categ\u00f3rico,\nel diputado provincial justicialista Agust\u00edn Samaniego reproch\u00f3 que \u00abel\noficialismo nacional y la oposici\u00f3n en la provincia hacen campa\u00f1a con mentiras\nporque no les queda otra\u00bb, marcando que \u00abel pueblo formose\u00f1o ha\ndemostrado innumerable cantidad de veces que mediante el enga\u00f1o no\u00bb.<\/p>\n\n\n\n<p>El\nprecandidato a diputado nacional por el Frente de Todos subray\u00f3 que \u00aben\nestos tres a\u00f1os y medio, a pesar de tener un Gobierno Nacional que mira para\notro lado, hemos continuado nuestra marcha, m\u00e1s lenta, pero han proseguido los\nescenarios de inauguraciones de obras en todo el territorio provincial\u00bb.<\/p>\n\n\n\n<p>Al\naludir el plano habitacional, teniendo en cuenta que el gobernador Gildo\nInsfr\u00e1n convirti\u00f3 en la v\u00edspera en propietarias a 352 nuevas familias\nformose\u00f1as, enfatiz\u00f3 que \u00abpese a que la gesti\u00f3n del presidente Mauricio\nMacri ha desfinanciado los mecanismos de la construcci\u00f3n de viviendas, con\nrecursos genuinos provinciales procuramos e intentamos paliar esta\ndespreocupaci\u00f3n absoluta que tiene el Gobierno Nacional en lo\nhabitacional\u00bb.<\/p>\n\n\n\n<p>\u00abUno\nentiende que si el Gobierno Nacional es capaz de eliminar, como lo hizo,\nvacunas para nuestros ni\u00f1os por el &#8216;problema del d\u00f3lar&#8217;, tal cual lo afirm\u00f3\nAdolfo Rubinstein, secretario de Salud de la Naci\u00f3n, es capaz de ajustar en\ncualquier lugar\u00bb, reprendi\u00f3 el legislador.<\/p>\n\n\n\n<p>Consultado\nsobre la campa\u00f1a electoral con miras a las elecciones PASO de agosto y las\ngenerales de octubre, indic\u00f3 que a diferencia de los candidatos de Juntos Para\nel Cambio \u00abnosotros nos inclinamos por el lado del pueblo, por la inmensa\nmayor\u00eda de los trabajadores, la clase media y la m\u00e1s humilde\u00bb.<\/p>\n\n\n\n<p>\u00abEllos\ntienen el poder econ\u00f3mico, medi\u00e1tico y lastimosamente la parte del judicial\n-advirti\u00f3-. Van a resistir y de ac\u00e1 a octubre va a haber una inmensa cantidad\nde operaciones medi\u00e1ticas y judiciales que van a intentar esmerilar a nuestros\ncandidatos\u00bb.<\/p>\n\n\n\n<p>No\nobstante, remarc\u00f3 Samaniego que \u00abnosotros estamos conscientes que la\nsituaci\u00f3n de la gente es grav\u00edsima y que est\u00e1 sufriendo. Este Gobierno Nacional\nha lastimado a los jubilados, los trabajadores, la clase media, los m\u00e1s\nhumildes, los comerciantes, los peque\u00f1os y medianos empresarios, quienes est\u00e1n\nsufriendo esta pol\u00edtica neoliberal que por m\u00e1s que los ayude el Fondo Monetario\nInternacional (FMI) siempre debajo de esa ayuda viene una receta que no es para\nel bien de los argentinos, porque su objetivo no es que la Argentina\ncrezca\u00bb.<\/p>\n\n\n\n<p>En el\nGobierno de Macri \u00abtienen el mecanismo de la mentira, el enga\u00f1o y la\ndefraudaci\u00f3n, pero eso tiene patas cortas. As\u00ed que por m\u00e1s que digan a modo de\npropaganda que la ruta nacional 11 est\u00e1 espectacular, los formose\u00f1os saben que\nno es as\u00ed. Quiz\u00e1s alg\u00fan distra\u00eddo que no viva en Formosa pueda llegar a\ncreerlo, pero todos sabemos cu\u00e1l es la realidad\u00bb.<\/p>\n\n\n\n<p>\u00abLe\npueden decir a un porte\u00f1o o un cordob\u00e9s que hicieron una planta de agua en\nClorinda -plante\u00f3-. Pero a un clorindense no le vas a decir que la planta de\nagua est\u00e1 terminada. La mentira tiene patas cortas y el pueblo formose\u00f1o ha\ndemostrado innumerable cantidad de veces que mediante el enga\u00f1o y la mentira\nno, hay que hablarle de frente\u00bb.<\/p>\n\n\n\n<p>Refiri\u00f3\nque \u00abpara nosotros hacer campa\u00f1a es mostrar todo lo que ha hecho el\ngobernador Insfr\u00e1n durante todos estos a\u00f1os con el Modelo Formose\u00f1o y lo que\npodemos hacer para transformar a la Argentina. En cambio, el oficialismo\nnacional y la oposici\u00f3n en la provincia hace campa\u00f1a con mentiras porque no les\nqueda otra\u00bb, recalc\u00f3, contundente.&nbsp;<\/p>\n","protected":false},"excerpt":{"rendered":"<p>Categ\u00f3rico, el diputado provincial justicialista Agust\u00edn Samaniego reproch\u00f3 que \u00abel oficialismo nacional y la oposici\u00f3n en la provincia hacen campa\u00f1a con mentiras porque no les queda otra\u00bb, marcando que \u00abel pueblo formose\u00f1o ha demostrado innumerable cantidad de veces que mediante el enga\u00f1o no\u00bb. El precandidato a diputado nacional por el Frente de Todos subray\u00f3 que [&hellip;]<\/p>\n","protected":false},"author":11,"featured_media":26028,"comment_status":"open","ping_status":"open","sticky":false,"template":"","format":"standard","meta":{"footnotes":""},"categories":[6],"tags":[],"class_list":["post-37865","post","type-post","status-publish","format-standard","has-post-thumbnail","hentry","category-nacionales"],"_links":{"self":[{"href":"http:\/\/informeformosa.com.ar\/index.php?rest_route=\/wp\/v2\/posts\/37865","targetHints":{"allow":["GET"]}}],"collection":[{"href":"http:\/\/informeformosa.com.ar\/index.php?rest_route=\/wp\/v2\/posts"}],"about":[{"href":"http:\/\/informeformosa.com.ar\/index.php?rest_route=\/wp\/v2\/types\/post"}],"author":[{"embeddable":true,"href":"http:\/\/informeformosa.com.ar\/index.php?rest_route=\/wp\/v2\/users\/11"}],"replies":[{"embeddable":true,"href":"http:\/\/informeformosa.com.ar\/index.php?rest_route=%2Fwp%2Fv2%2Fcomments&post=37865"}],"version-history":[{"count":1,"href":"http:\/\/informeformosa.com.ar\/index.php?rest_route=\/wp\/v2\/posts\/37865\/revisions"}],"predecessor-version":[{"id":37880,"href":"http:\/\/informeformosa.com.ar\/index.php?rest_route=\/wp\/v2\/posts\/37865\/revisions\/37880"}],"wp:featuredmedia":[{"embeddable":true,"href":"http:\/\/informeformosa.com.ar\/index.php?rest_route=\/wp\/v2\/media\/26028"}],"wp:attachment":[{"href":"http:\/\/informeformosa.com.ar\/index.php?rest_route=%2Fwp%2Fv2%2Fmedia&parent=37865"}],"wp:term":[{"taxonomy":"category","embeddable":true,"href":"http:\/\/informeformosa.com.ar\/index.php?rest_route=%2Fwp%2Fv2%2Fcategories&post=37865"},{"taxonomy":"post_tag","embeddable":true,"href":"http:\/\/informeformosa.com.ar\/index.php?rest_route=%2Fwp%2Fv2%2Ftags&post=37865"}],"curies":[{"name":"wp","href":"https:\/\/api.w.org\/{rel}","templated":true}]}}