{"id":37864,"date":"2019-07-12T21:58:13","date_gmt":"2019-07-13T00:58:13","guid":{"rendered":"http:\/\/informeformosa.com.ar\/?p=37864"},"modified":"2019-07-12T21:58:16","modified_gmt":"2019-07-13T00:58:16","slug":"parola-contrasto-lo-que-para-nacion-es-ungasto-para-formosa-es-inversion-social","status":"publish","type":"post","link":"http:\/\/informeformosa.com.ar\/?p=37864","title":{"rendered":"Parola contrasto: \u00abLo que para Naci\u00f3n es  ungasto, para Formosa es inversi\u00f3n social\u00bb"},"content":{"rendered":"\n<p>Para\nla subsecretaria de Ni\u00f1ez, Adolescencia y Familia, Graciela Parola, la entrega\nde 352 viviendas en el barrio la Nueva Formosa por parte del Gobierno\nprovincial a familias formose\u00f1as se trata de \u00abun acto de estricta justicia\nsocial\u00bb.<\/p>\n\n\n\n<p>As\u00ed\nlo destac\u00f3 la funcionaria luego de que el gobernador Gildo Insfr\u00e1n concretara\nla entrega de los t\u00edtulos definitivos de propiedad y de las correspondientes\nllaves de 352 unidades habitacionales a los grupos familiares que resultaron\nadjudicados con total transparencia y seriedad luego del correspondiente sorteo\np\u00fablico.<\/p>\n\n\n\n<p>\u00abTodo\nesto es un acto de estricta justicia social\u00bb, puso en valor la doctora\nParola, quien es precandidata a diputada nacional por el Frente de Todos.<\/p>\n\n\n\n<p>Hizo\nnotar que \u00abque a pesar de todo el contexto nacional desde el Gobierno\nprovincial pudimos entregar la casa propia a 352 familias, sobre todo en un\nmomento como \u00e9ste, donde el Gobierno Nacional ha recortado los programas y el\nacceso a la vivienda poniendo mayores requisitos\u00bb.<\/p>\n\n\n\n<p>\u00abTodo\nesto es gracias a que nosotros tenemos un Modelo Formose\u00f1o que viene llev\u00e1ndose\nadelante y tambi\u00e9n las cuentas ordenadas, lo cual permite que los recursos\npuedan destinarse a esta inversi\u00f3n social\u00bb, enfatiz\u00f3, acentuando de manera\ncateg\u00f3rica que \u00ablo que para el Gobierno Nacional es un gasto, para el\nModelo Formose\u00f1o es una inversi\u00f3n social\u00bb.<\/p>\n\n\n\n<p>Resalt\u00f3\nla subsecretaria Parola que \u00aben Formosa tenemos una administraci\u00f3n que\ndesde hace 17 a\u00f1os tiene super\u00e1vit fiscal y gracias al Modelo Formose\u00f1o no\nsentimos tanto el embate de estas pol\u00edticas neoliberales del Gobierno Nacional,\npero realmente hay compatriotas que la est\u00e1n pasando muy mal\u00bb.<\/p>\n\n\n\n<p>De\ncara a las elecciones primarias de agosto y las generales de octubre, marc\u00f3 la\nimportancia de \u00abreflexionar sobre qu\u00e9 es lo que se merece nuestra\nNaci\u00f3n\u00bb, se\u00f1alando las contundentes diferencias entre los modelos nacional\ny provincial.<\/p>\n\n\n\n<p>\u00abNosotros\ncontamos con un Modelo Formose\u00f1o que gracias a que est\u00e1 consolidado y que\ntenemos un muy buen administrador, que es nuestro gobernador Insfr\u00e1n, podemos\ndecir y pelear para que este proyecto se pueda replicar a nivel nacional, de\nmanera que volvamos con un Gobierno nacional y popular que piense en los que\nmenos tienen\u00bb, concluy\u00f3. <\/p>\n","protected":false},"excerpt":{"rendered":"<p>Para la subsecretaria de Ni\u00f1ez, Adolescencia y Familia, Graciela Parola, la entrega de 352 viviendas en el barrio la Nueva Formosa por parte del Gobierno provincial a familias formose\u00f1as se trata de \u00abun acto de estricta justicia social\u00bb. As\u00ed lo destac\u00f3 la funcionaria luego de que el gobernador Gildo Insfr\u00e1n concretara la entrega de los [&hellip;]<\/p>\n","protected":false},"author":11,"featured_media":37878,"comment_status":"open","ping_status":"open","sticky":false,"template":"","format":"standard","meta":{"footnotes":""},"categories":[2],"tags":[],"class_list":["post-37864","post","type-post","status-publish","format-standard","has-post-thumbnail","hentry","category-locales"],"_links":{"self":[{"href":"http:\/\/informeformosa.com.ar\/index.php?rest_route=\/wp\/v2\/posts\/37864","targetHints":{"allow":["GET"]}}],"collection":[{"href":"http:\/\/informeformosa.com.ar\/index.php?rest_route=\/wp\/v2\/posts"}],"about":[{"href":"http:\/\/informeformosa.com.ar\/index.php?rest_route=\/wp\/v2\/types\/post"}],"author":[{"embeddable":true,"href":"http:\/\/informeformosa.com.ar\/index.php?rest_route=\/wp\/v2\/users\/11"}],"replies":[{"embeddable":true,"href":"http:\/\/informeformosa.com.ar\/index.php?rest_route=%2Fwp%2Fv2%2Fcomments&post=37864"}],"version-history":[{"count":1,"href":"http:\/\/informeformosa.com.ar\/index.php?rest_route=\/wp\/v2\/posts\/37864\/revisions"}],"predecessor-version":[{"id":37879,"href":"http:\/\/informeformosa.com.ar\/index.php?rest_route=\/wp\/v2\/posts\/37864\/revisions\/37879"}],"wp:featuredmedia":[{"embeddable":true,"href":"http:\/\/informeformosa.com.ar\/index.php?rest_route=\/wp\/v2\/media\/37878"}],"wp:attachment":[{"href":"http:\/\/informeformosa.com.ar\/index.php?rest_route=%2Fwp%2Fv2%2Fmedia&parent=37864"}],"wp:term":[{"taxonomy":"category","embeddable":true,"href":"http:\/\/informeformosa.com.ar\/index.php?rest_route=%2Fwp%2Fv2%2Fcategories&post=37864"},{"taxonomy":"post_tag","embeddable":true,"href":"http:\/\/informeformosa.com.ar\/index.php?rest_route=%2Fwp%2Fv2%2Ftags&post=37864"}],"curies":[{"name":"wp","href":"https:\/\/api.w.org\/{rel}","templated":true}]}}