{"id":37863,"date":"2019-07-12T21:55:28","date_gmt":"2019-07-13T00:55:28","guid":{"rendered":"http:\/\/informeformosa.com.ar\/?p=37863"},"modified":"2019-07-12T21:55:30","modified_gmt":"2019-07-13T00:55:30","slug":"formosa-es-sin-dudas-la-genesis-de-la-organizacion-de-la-juventud-de-todo-el-pais","status":"publish","type":"post","link":"http:\/\/informeformosa.com.ar\/?p=37863","title":{"rendered":"Formosa es sin dudas la g\u00e9nesis de la organizaci\u00f3n de la juventud de todo el pa\u00eds"},"content":{"rendered":"\n<p>As\u00ed\nlo expuso el director de Asuntos Juveniles, Fernando Galarza, quien significo\nlos alcances de este encuentro de dos jornadas que reuni\u00f3 a un millar de\nj\u00f3venes de todo el pa\u00eds y la vecina Paraguay, quienes recrearon un espacio de\ndiscusiones y problem\u00e1ticas comunes.<\/p>\n\n\n\n<p>Por\nejemplo, la cordobesa Virginia Carranza, coordin\u00f3 este viernes&nbsp; el taller sobre \u201cEl protagonismo juvenil a la\nhora de construir memoria&nbsp; colectiva.\u201d En\nese contexto admiti\u00f3 sentirse \u201cfascinada\u201d por la impecable organizaci\u00f3n en que\nse desarroll\u00f3 el multitudinario encuentro de j\u00f3venes.&nbsp; <\/p>\n\n\n\n<p>La\njoven que en su provincia coordina junto a otras compa\u00f1eras el programa\n\u201cJ\u00f3venes y memoria\u201d particip\u00f3 en el Foro como coordinadora del taller\ndenominado\u201d Que se desarroll\u00f3 el viernes en la Escuela N\u00b02 \u201cSarmiento\u201d.<\/p>\n\n\n\n<p>Al\nhablar sobre la importancia del taller, la joven resalt\u00f3 que \u201cla idea fue\ntrabajar con la juventud&nbsp; la importancia\nde la memoria y&nbsp; los derechos humanos\npara pensar la luchas pol\u00edticas,&nbsp;\nestudiantiles y sociales actuales, resaltando la potencia que tiene la\njuventud para reescribir esa historia.\u201d<\/p>\n\n\n\n<p>En\nese sentido puntualiz\u00f3 que&nbsp; el eje&nbsp; para lograrlo \u201ces revisitar el pasado y\nencontrar los nexos y puentes entre generaciones&nbsp; para pensar en un futuro mejor, m\u00e1s inclusivo,\nigualitario y solidario.\u201d<\/p>\n\n\n\n<p>Al\nopinar sobre el foro, admiti\u00f3 sentirse \u201cfascinada\u201d no solo por la belleza de la\nciudad, que visitaba por primera vez, sino que por sobre todas las cosas&nbsp; qued\u00f3 \u201cimpresionada por la participaci\u00f3n de\ncasi mil j\u00f3venes, por la impecable&nbsp;\norganizaci\u00f3n, el funcionamiento, los horarios, la atenci\u00f3n y todas las\natenciones\u201d,&nbsp; que a su entender\nposibilitaron&nbsp; un contexto generador de\n\u201cuna nueva energ\u00eda renovada y creativa pol\u00edtica sin precedentes.\u201d<\/p>\n\n\n\n<p>Finalmente\nla coordinadora cordobesa expres\u00f3 que si bien hab\u00eda participado en otros\nencuentros en su provincia, nunca aprecio un foro con la \u201cdin\u00e1mica y masividad\u201d\ndel realizado en Formosa, subrayando que \u201cla experiencia que se lleva fue muy\nenriquecedora\u201d.<\/p>\n\n\n\n<p><strong>Creatividad<\/strong><\/p>\n\n\n\n<p>Por\nsu parte, Facundo Barbis&nbsp; que coordin\u00f3 el\ntaller sobre creatividad desarrollado este viernes en la Escuela N\u00b0 2&nbsp; explic\u00f3 que la tem\u00e1tica abordada apunta \u201ca\nsacar ese pensamiento vertical que muchas veces queda de la escolaridad y nos\nsaca un poco del creativo.\u201d<\/p>\n\n\n\n<p>Detall\u00f3\nque todo se relaciona con \u201cpensar un poco diferente y fuera de la l\u00ednea que es\nalgo tan lindo que lo tenemos en la infancia y que lastimosamente lo perdemos\nal crecer .\u201d resaltando que esa creatividad puede ser aplicada a la vida misma&nbsp; y en muchos contextos como el amor, la\namistad y los emprendimientos.<\/p>\n","protected":false},"excerpt":{"rendered":"<p>As\u00ed lo expuso el director de Asuntos Juveniles, Fernando Galarza, quien significo los alcances de este encuentro de dos jornadas que reuni\u00f3 a un millar de j\u00f3venes de todo el pa\u00eds y la vecina Paraguay, quienes recrearon un espacio de discusiones y problem\u00e1ticas comunes. Por ejemplo, la cordobesa Virginia Carranza, coordin\u00f3 este viernes&nbsp; el taller [&hellip;]<\/p>\n","protected":false},"author":11,"featured_media":37874,"comment_status":"open","ping_status":"open","sticky":false,"template":"","format":"standard","meta":{"footnotes":""},"categories":[4],"tags":[],"class_list":["post-37863","post","type-post","status-publish","format-standard","has-post-thumbnail","hentry","category-educacion"],"_links":{"self":[{"href":"http:\/\/informeformosa.com.ar\/index.php?rest_route=\/wp\/v2\/posts\/37863","targetHints":{"allow":["GET"]}}],"collection":[{"href":"http:\/\/informeformosa.com.ar\/index.php?rest_route=\/wp\/v2\/posts"}],"about":[{"href":"http:\/\/informeformosa.com.ar\/index.php?rest_route=\/wp\/v2\/types\/post"}],"author":[{"embeddable":true,"href":"http:\/\/informeformosa.com.ar\/index.php?rest_route=\/wp\/v2\/users\/11"}],"replies":[{"embeddable":true,"href":"http:\/\/informeformosa.com.ar\/index.php?rest_route=%2Fwp%2Fv2%2Fcomments&post=37863"}],"version-history":[{"count":1,"href":"http:\/\/informeformosa.com.ar\/index.php?rest_route=\/wp\/v2\/posts\/37863\/revisions"}],"predecessor-version":[{"id":37875,"href":"http:\/\/informeformosa.com.ar\/index.php?rest_route=\/wp\/v2\/posts\/37863\/revisions\/37875"}],"wp:featuredmedia":[{"embeddable":true,"href":"http:\/\/informeformosa.com.ar\/index.php?rest_route=\/wp\/v2\/media\/37874"}],"wp:attachment":[{"href":"http:\/\/informeformosa.com.ar\/index.php?rest_route=%2Fwp%2Fv2%2Fmedia&parent=37863"}],"wp:term":[{"taxonomy":"category","embeddable":true,"href":"http:\/\/informeformosa.com.ar\/index.php?rest_route=%2Fwp%2Fv2%2Fcategories&post=37863"},{"taxonomy":"post_tag","embeddable":true,"href":"http:\/\/informeformosa.com.ar\/index.php?rest_route=%2Fwp%2Fv2%2Ftags&post=37863"}],"curies":[{"name":"wp","href":"https:\/\/api.w.org\/{rel}","templated":true}]}}