{"id":37843,"date":"2019-07-11T20:02:53","date_gmt":"2019-07-11T23:02:53","guid":{"rendered":"http:\/\/informeformosa.com.ar\/?p=37843"},"modified":"2019-07-11T20:02:57","modified_gmt":"2019-07-11T23:02:57","slug":"safari-fotografico-en-la-reserva-guaycolec","status":"publish","type":"post","link":"http:\/\/informeformosa.com.ar\/?p=37843","title":{"rendered":"Safari fotogr\u00e1fico en la Reserva Guaycolec"},"content":{"rendered":"\n<p>El\ntitular del Formosa Foto Club, Jorge P\u00e9rez, resalt\u00f3 que tras los momentos\ndif\u00edciles que vivi\u00f3 la provincia por la crisis h\u00eddrica como organizaci\u00f3n\nretomaron las salidas fotogr\u00e1ficas. Y asegur\u00f3: \u201cNos convertimos en embajadores\nde la provincia en las Redes Sociales\u201d, en referencia a la importancia de las\nsalidas fotogr\u00e1ficas.<\/p>\n\n\n\n<p>Hace\npoco d\u00edas, un importante grupo de fot\u00f3grafos aficionados, asociados del Foto\nClub, visitaron la Reserva Guaycolec (poco m\u00e1s de 20 kil\u00f3metros de la Capital)\ndonde disfrutaron del avistaje de aves como as\u00ed tambi\u00e9n la fauna silvestre que\nse encuentran en libertad en el predio.<\/p>\n\n\n\n<p>En\ndialogo con los medios, el presidente del Foto Club, Jorge P\u00e9rez, se\u00f1alo que\n\u201clas actividades de salidas fotogr\u00e1ficas del Foto Club estuvieron bastantes\nrelegadas pero con la mejora del tiempo pudimos reiniciar las mismas y tuvimos\nla posibilidad de visitar la Reserva de Guaycolec\u201d.<\/p>\n\n\n\n<p>El\naficionado a la fotograf\u00eda recalc\u00f3 que \u201cvolvimos a compartir bellos momentos\nentre amigos en un lugar cercano a la Capital y esto es un privilegio que\ntenemos aqu\u00ed con un lugar tan lindo que guarda tesoros naturales invaluables\u201d.<\/p>\n\n\n\n<p>Resalt\u00f3\nque \u201clos encargados de la Reserva nos guiaron por los diferentes senderos y ver\ndiferentes animales en libertad. Un punto particular lo representa la cantidad\nde aves que se pueden observar en los diferentes caminos internos\u201d.<\/p>\n\n\n\n<p>P\u00e9rez\nremarc\u00f3 que \u201cpudimos ver ciervos, pecar\u00edes, monos, entre otras especies que se\npueden observar en su estado natural. Adem\u00e1s, aprovechando las instalaciones de\nla reserva con los socios y tras varias horas de caminata disfrutamos un\nalmuerzo comunitario\u201d.<\/p>\n\n\n\n<p>El\ntitular del Foto Club se\u00f1alo que \u201ctodo lo logrado por los socios lo comparten a\ntrav\u00e9s de sus respectivas paginas de redes sociales y esto permiti\u00f3 que nos\ntransformemos, sin querer, en embajadores de la provincia a trav\u00e9s de esta\npasi\u00f3n que nos mueve que es la fotograf\u00eda\u201d.<\/p>\n\n\n\n<p>Enfatiz\u00f3\nque \u201ccada socio del Foto Club investiga, estudia y comparte saberes sobre las\nbellezas que tenemos en la provincia. Nos hemos contactados con fot\u00f3grafos\nreconocidos a nivel internacional que nos manifiestan sus ganas de visitar la\nprovincia\u201d.<\/p>\n\n\n\n<p>Por\n\u00faltimo, P\u00e9rez anticip\u00f3 que \u201clas actividades se van a duplicar, en particular\nlas salidas fotogr\u00e1ficas en el periodo de vacaciones de invierno. Adem\u00e1s\nvenimos organizando actividades para la comunidad que en poco tiempo vamos a\ninformar para que participen y se sumen al Foto Club\u201d.<\/p>\n","protected":false},"excerpt":{"rendered":"<p>El titular del Formosa Foto Club, Jorge P\u00e9rez, resalt\u00f3 que tras los momentos dif\u00edciles que vivi\u00f3 la provincia por la crisis h\u00eddrica como organizaci\u00f3n retomaron las salidas fotogr\u00e1ficas. Y asegur\u00f3: \u201cNos convertimos en embajadores de la provincia en las Redes Sociales\u201d, en referencia a la importancia de las salidas fotogr\u00e1ficas. Hace poco d\u00edas, un importante [&hellip;]<\/p>\n","protected":false},"author":11,"featured_media":37854,"comment_status":"open","ping_status":"open","sticky":false,"template":"","format":"standard","meta":{"footnotes":""},"categories":[2],"tags":[],"class_list":["post-37843","post","type-post","status-publish","format-standard","has-post-thumbnail","hentry","category-locales"],"_links":{"self":[{"href":"http:\/\/informeformosa.com.ar\/index.php?rest_route=\/wp\/v2\/posts\/37843","targetHints":{"allow":["GET"]}}],"collection":[{"href":"http:\/\/informeformosa.com.ar\/index.php?rest_route=\/wp\/v2\/posts"}],"about":[{"href":"http:\/\/informeformosa.com.ar\/index.php?rest_route=\/wp\/v2\/types\/post"}],"author":[{"embeddable":true,"href":"http:\/\/informeformosa.com.ar\/index.php?rest_route=\/wp\/v2\/users\/11"}],"replies":[{"embeddable":true,"href":"http:\/\/informeformosa.com.ar\/index.php?rest_route=%2Fwp%2Fv2%2Fcomments&post=37843"}],"version-history":[{"count":1,"href":"http:\/\/informeformosa.com.ar\/index.php?rest_route=\/wp\/v2\/posts\/37843\/revisions"}],"predecessor-version":[{"id":37855,"href":"http:\/\/informeformosa.com.ar\/index.php?rest_route=\/wp\/v2\/posts\/37843\/revisions\/37855"}],"wp:featuredmedia":[{"embeddable":true,"href":"http:\/\/informeformosa.com.ar\/index.php?rest_route=\/wp\/v2\/media\/37854"}],"wp:attachment":[{"href":"http:\/\/informeformosa.com.ar\/index.php?rest_route=%2Fwp%2Fv2%2Fmedia&parent=37843"}],"wp:term":[{"taxonomy":"category","embeddable":true,"href":"http:\/\/informeformosa.com.ar\/index.php?rest_route=%2Fwp%2Fv2%2Fcategories&post=37843"},{"taxonomy":"post_tag","embeddable":true,"href":"http:\/\/informeformosa.com.ar\/index.php?rest_route=%2Fwp%2Fv2%2Ftags&post=37843"}],"curies":[{"name":"wp","href":"https:\/\/api.w.org\/{rel}","templated":true}]}}