{"id":34296,"date":"2019-02-08T19:30:37","date_gmt":"2019-02-08T22:30:37","guid":{"rendered":"http:\/\/informeformosa.com.ar\/?p=34296"},"modified":"2019-02-08T19:30:39","modified_gmt":"2019-02-08T22:30:39","slug":"planteo-ante-la-justicia-federal-contra-el-tarifazo-nacional-al-servicio-electrico","status":"publish","type":"post","link":"http:\/\/informeformosa.com.ar\/?p=34296","title":{"rendered":"Planteo ante la justicia federal contra el tarifazo nacional al servicio el\u00e9ctrico"},"content":{"rendered":"\n<p>Ante\nel Juzgado Federal, la Defensor\u00eda del Pueblo de Formosa, junto a gremios como\nATE, CTA y SADOP y organizaciones sociales, aunaron un planteo judicial -acci\u00f3n\nde amparo- contra la Resoluci\u00f3n N\u00ba 366\/18 de la Secretar\u00eda de Energ\u00eda de la\nNaci\u00f3n, que se estableci\u00f3 un nuevo tarifazo en el costo del servicio de energ\u00eda\nel\u00e9ctrica.<\/p>\n\n\n\n<p>El\ndefensor Jos\u00e9 Leonardo Gialluca, explic\u00f3 que \u201cen nombre y representaci\u00f3n de\ntodos los usuarios del servicio de energ\u00eda el\u00e9ctrica de la provincia, la\nDefensor\u00eda del Pueblo interpuso ante el Juzgado Federal una acci\u00f3n de amparo\ncontra la Resoluci\u00f3n N\u00ba 366\/18 dictada por la Secretar\u00eda de Energ\u00eda de la\nNaci\u00f3n que determin\u00f3 un incremento de casi 55% en el costo de la energ\u00eda\nel\u00e9ctrica\u201d.<\/p>\n\n\n\n<p>\u201cSi\nbien esta suba todav\u00eda no est\u00e1 impactando en las boletas que reciben los\nusuarios, ya est\u00e1 vigente a partir del 1\u00ba de febrero\u201d, advirti\u00f3.<\/p>\n\n\n\n<p>Remarc\u00f3\nque \u201chemos logrado aglutinar en una acci\u00f3n de amparo a las Delegaciones de\nFormosa de los gremios CTA, ATE y SADOP y con representantes sociales como\nFabi\u00e1n Sinsig, titular de la Asociaci\u00f3n de Radiodifusores de Formosa (ARFOR),\ncon el objetivo de que pueda determinarse legalmente la inconstitucionalidad de\nesta resoluci\u00f3n irracional y confiscatoria\u201d.<\/p>\n\n\n\n<p>Cabe\nse\u00f1alar que acciones como este amparo que ha presentado la Defensor\u00eda de\nFormosa ante la Justicia \u201ctambi\u00e9n se est\u00e1n dando en otros lugares del pa\u00eds, de\nhecho se vienen realizando en otras provincias como Buenos Aires, Chaco y\nCorrientes, donde presentaciones fueron acompa\u00f1adas por intendentes, concejales\ny una serie de representantes pol\u00edticos y sociales porque el dictado de esta\nresoluci\u00f3n se ha hecho sin audiencia p\u00fablica y sin respetar los principios que\nla Corte Suprema de Justicia de la Naci\u00f3n ha determinado en su momento para\ncuando se toca el valor de un servicio p\u00fablico\u201d.<\/p>\n\n\n\n<p>\u201cEs\ntotalmente ilegal porque ac\u00e1 no se ha tenido en cuenta la proporcionalidad, si\nes confiscatorio o no, si puede ser pagada por los usuarios o no\u201d, subray\u00f3 el\ndoctor Gialluca, alertando que \u201ccuando impacte este porcentaje en la factura de\nla luz va a ser totalmente impagable para los usuarios formose\u00f1os. O pagamos la\nfactura o comemos. \u00c9sa es la realidad econ\u00f3mica que estamos viendo hoy\u201d<\/p>\n\n\n\n<p>A\ntrav\u00e9s de este amparo \u201cpretendemos que se deje sin efecto el aumento del 55% y\nque se retrotraiga la situaci\u00f3n a las resoluciones dictadas por lo que era la\notrora Subsecretar\u00eda de Energ\u00eda de la Naci\u00f3n y que hoy es la Secretar\u00eda de\nEnerg\u00eda a cargo de (Gustavo) Lopetegui\u201d.<\/p>\n\n\n\n<p>Tambi\u00e9n\nreprendi\u00f3 los dichos de Juan Jos\u00e9 Aranguren, ex ministro de Energ\u00eda del\nGobierno de Mauricio Macri, quien hab\u00eda manifestado que no estaba de acuerdo\ncon que \u201cla energ\u00eda sea un derecho humano\u201d. Por el contrario, en declaraciones\nperiod\u00edsticas, insisti\u00f3 en que se trata de un \u201cbien escaso\u201d y que \u201chay que\npagarlo\u201d.<\/p>\n\n\n\n<p>\u201cA\ndiferencia de Aranguren, nosotros s\u00ed consideramos que la energ\u00eda es un derecho\nhumano y un servicio esencial porque los formose\u00f1os no podemos vivir sin tener\nun ventilador, una heladera o un split\u201d, asever\u00f3 Gialluca.<\/p>\n\n\n\n<p>En\nel mismo escrito de presentaci\u00f3n los demandantes solicitaron el apartamiento\ndel Juez Federal, Fernando Carbajal, dado que \u201cel mismo en oportunidad de\ndesempe\u00f1arse como Fiscal de Estado de la provincia de Corrientes, ha\nrepresentado los intereses de la Direcci\u00f3n Provincial de Energ\u00eda de aquella\nprovincia (DPEC) y en tal funci\u00f3n adelant\u00f3 criterios relacionados con la causa\ntra\u00edda a su conocimiento\u201d. Ello, explico \u201cen cuanto, contrario al criterio de\nla Corte Suprema, no considera necesario el cumplimiento del deber de informar\na los usuarios previo al aumento de tarifas y considera adem\u00e1s que la Justicia\nno debe intervenir en cuestiones del Poder Ejecutivo, como la fijaci\u00f3n de\nprecios de los servicios p\u00fablicos\u201d. <\/p>\n\n\n\n<p>\u201cEl\nmagistrado puede apartarse voluntariamente, subray\u00f3 Gialluca, no obstante, de\nno hacerlo la C\u00e1mara de Apelaciones de Resistencia decidir\u00e1 sobre la cuesti\u00f3n.\nEn cuanto a c\u00f3mo sigue la medida existe una Ley Nacional, la 16.986, que rige\neste proceso, los plazos son sumamente breves y media obligaci\u00f3n de la Justicia\nde expedirse en los t\u00e9rminos previstos\u201d.<\/p>\n\n\n\n<p><strong>Pagamos la luz o comemos<\/strong><\/p>\n\n\n\n<p>Asimismo,\nGerardo Delgado, secretario general de la CTA Aut\u00f3noma de Formosa, indic\u00f3 que\n\u201cvinimos de manera concurrente con la Defensor\u00eda del Pueblo, con los compa\u00f1eros\nde ATE y la Asociaci\u00f3n de Radiodifusores, a hacer esta presentaci\u00f3n en el marco\nde lo que entendemos es un tarifazo que viene a golpear el bolsillo y el\nest\u00f3mago de los formose\u00f1os, porque o tenemos tarifas que sean razonables y que\npodamos afrontarlas todos los ciudadanos en un Estado de Derecho, considerando\nal servicio de energ\u00eda el\u00e9ctrica como un derecho humano, o pensamos que es\nsolamente un bien o una mercanc\u00eda del mercado\u201d.<\/p>\n\n\n\n<p>\u201cDesde\nnuestro frente social nosotros creemos que la energ\u00eda el\u00e9ctrica es de consumo y\nes b\u00e1sica para la supervivencia de los seres humanos \u2013enfatiz\u00f3 el dirigente\ngremial-. En ese marco vinimos a acompa\u00f1ar esta presentaci\u00f3n porque\nconsideramos que los tarifazos nos van a poner en una disyuntiva: o comemos o\npagamos la luz\u201d, aseverando que \u201coptamos por comer porque creemos que tenemos\nque tener las condiciones b\u00e1sicas para la supervivencia\u201d.&nbsp;&nbsp;&nbsp; <\/p>\n\n\n\n<p>Por\nsu parte, el profesor Sinsig advirti\u00f3 que \u201cestamos viviendo una situaci\u00f3n\ncompleja, no solamente para instituciones como la nuestra que es una ONG y\ndiversas organizaciones de la sociedad, sino para los ciudadanos comunes, las\nfamilias, que ya venimos sufriendo durante todo este tiempo y que ahora se suma\neste nuevo tarifazo, sin ning\u00fan tipo de miramientos hacia los que no pueden\npagar\u201d.<\/p>\n\n\n\n<p>\u201cLa\nsituaci\u00f3n realmente es dram\u00e1tica y tiende a empeorar con este tipo de\ndecisiones pol\u00edticas del Gobierno Nacional de Macri que se plasman en estas\nresoluciones\u201d, lament\u00f3.<\/p>\n\n\n\n<p>Hizo\nnotar que \u201cnos sumamos de una a la iniciativa de la Defensor\u00eda del Pueblo\nporque consideramos que es uno de los caminos\u201d, se\u00f1alando que \u201cde igual manera\ncomo organizaciones sociales y gremiales, junto a otras instituciones, vamos a\nrealizar manifestaciones y protestas para tratar de revertir esta situaci\u00f3n y\npara que la Naci\u00f3n tenga un miramiento diferente y sensibilidad social, por\nsobre todas las cosas\u201d, finaliz\u00f3.<\/p>\n","protected":false},"excerpt":{"rendered":"<p>Ante el Juzgado Federal, la Defensor\u00eda del Pueblo de Formosa, junto a gremios como ATE, CTA y SADOP y organizaciones sociales, aunaron un planteo judicial -acci\u00f3n de amparo- contra la Resoluci\u00f3n N\u00ba 366\/18 de la Secretar\u00eda de Energ\u00eda de la Naci\u00f3n, que se estableci\u00f3 un nuevo tarifazo en el costo del servicio de energ\u00eda el\u00e9ctrica. [&hellip;]<\/p>\n","protected":false},"author":11,"featured_media":34299,"comment_status":"open","ping_status":"open","sticky":false,"template":"","format":"standard","meta":{"footnotes":""},"categories":[2],"tags":[],"class_list":["post-34296","post","type-post","status-publish","format-standard","has-post-thumbnail","hentry","category-locales"],"_links":{"self":[{"href":"http:\/\/informeformosa.com.ar\/index.php?rest_route=\/wp\/v2\/posts\/34296","targetHints":{"allow":["GET"]}}],"collection":[{"href":"http:\/\/informeformosa.com.ar\/index.php?rest_route=\/wp\/v2\/posts"}],"about":[{"href":"http:\/\/informeformosa.com.ar\/index.php?rest_route=\/wp\/v2\/types\/post"}],"author":[{"embeddable":true,"href":"http:\/\/informeformosa.com.ar\/index.php?rest_route=\/wp\/v2\/users\/11"}],"replies":[{"embeddable":true,"href":"http:\/\/informeformosa.com.ar\/index.php?rest_route=%2Fwp%2Fv2%2Fcomments&post=34296"}],"version-history":[{"count":1,"href":"http:\/\/informeformosa.com.ar\/index.php?rest_route=\/wp\/v2\/posts\/34296\/revisions"}],"predecessor-version":[{"id":34300,"href":"http:\/\/informeformosa.com.ar\/index.php?rest_route=\/wp\/v2\/posts\/34296\/revisions\/34300"}],"wp:featuredmedia":[{"embeddable":true,"href":"http:\/\/informeformosa.com.ar\/index.php?rest_route=\/wp\/v2\/media\/34299"}],"wp:attachment":[{"href":"http:\/\/informeformosa.com.ar\/index.php?rest_route=%2Fwp%2Fv2%2Fmedia&parent=34296"}],"wp:term":[{"taxonomy":"category","embeddable":true,"href":"http:\/\/informeformosa.com.ar\/index.php?rest_route=%2Fwp%2Fv2%2Fcategories&post=34296"},{"taxonomy":"post_tag","embeddable":true,"href":"http:\/\/informeformosa.com.ar\/index.php?rest_route=%2Fwp%2Fv2%2Ftags&post=34296"}],"curies":[{"name":"wp","href":"https:\/\/api.w.org\/{rel}","templated":true}]}}