{"id":34292,"date":"2019-02-08T19:26:33","date_gmt":"2019-02-08T22:26:33","guid":{"rendered":"http:\/\/informeformosa.com.ar\/?p=34292"},"modified":"2019-02-08T19:26:38","modified_gmt":"2019-02-08T22:26:38","slug":"salud-en-alerta-hace-meses-nacion-no-envia-vacunas-a-formosa-y-escasean-las-dosis-para-ninos-lactantes","status":"publish","type":"post","link":"http:\/\/informeformosa.com.ar\/?p=34292","title":{"rendered":"Salud en alerta: hace meses Naci\u00f3n no env\u00eda vacunas  a Formosa y escasean las dosis para ni\u00f1os lactantes"},"content":{"rendered":"\n<p>Desde\nel Ministerio de Desarrollo Humano de la provincia crece la preocupaci\u00f3n porque\npese a los reiterados reclamos de env\u00edo de las dosis requeridas para la\npoblaci\u00f3n objetivo en la provincia, desde el Ministerio de Salud de la Naci\u00f3n y\nAcci\u00f3n Social, \u201cno se tienen respuestas concretas\u201d.<\/p>\n\n\n\n<p>Es\npor ello que se alerta a la poblaci\u00f3n que \u201cpr\u00f3ximamente traten\ninfructuosamente, hacerse de distintas vacunas incluidas en el calendario\nnacional de vacunaci\u00f3n\u201d. <\/p>\n\n\n\n<p>Detallaron\nque se trata puntualmente de la vacuna antimeningoc\u00f3ccica, que desde agosto\npasado el Ministerio de Salud de la Naci\u00f3n, suspendiera la dosis \u00fanica que se\nda a los 11 a\u00f1os. \u201cLa situaci\u00f3n ha empeorado y ya casi no se cuentan con dosis\npara los lactantes de 3, 5 y 15 meses de edad\u201d, aseguran desde salud p\u00fablica.<\/p>\n\n\n\n<p>La\ninfecci\u00f3n por Neisseriameningitidis (meningococ) es una enfermedad grave y con\nalto riesgo de secuelas irreversibles, principalmente neurol\u00f3gicas.<\/p>\n\n\n\n<p>La\nenfermedad meningoc\u00f3cica invasiva es reconocida por la Organizaci\u00f3n Mundial de\nla Salud (OMS) como un problema significativo de salud p\u00fablica en muchos pa\u00edses\ndel mundo. Se presenta cl\u00e1sicamente como meningitis, bacteriemia, sepsis o\nmeningococemia. El organismo reconoce la importancia de esta enfermedad y la\nutilidad de la vacunaci\u00f3n como medida de prevenci\u00f3n primaria.<\/p>\n\n\n\n<p><strong>Retroceso<\/strong><\/p>\n\n\n\n<p>La\ncomunidad m\u00e9dica de la salud p\u00fablica provincial se manifiesta preocupada y\nlamenta el retroceso que se origino en materia de salud con el retiro de\nvacunas por parte de Naci\u00f3n.<\/p>\n\n\n\n<p>\u201cHoy\nresulta parad\u00f3jico el logro de la gesti\u00f3n anterior, la amplitud del calendario\nnacional de vacunaci\u00f3n en lo que hace a la prevenci\u00f3n de enfermedades y los\nrangos etarios contemplados, es motivo de orgullo entre los especialistas que\nlo distinguen como uno de los m\u00e1s completos del mundo. Pero el actual gobierno\nse encarg\u00f3, que uno de los calendarios de vacunas m\u00e1s robustos del planeta, hoy\nno disponga de algunas de ellas\u201d, plantearon desde la cartera provincial.<\/p>\n\n\n\n<p>Continuaron\nque \u201ct\u00e9cnicamente, lo que los equipos de vacunaci\u00f3n hacen frente a la falta de\ninsumos es priorizar a los grupos de mayor riesgo, pero esa priorizaci\u00f3n atenta\ncontra la calidad del esquema de vacunaci\u00f3n que la Argentina se alza como uno\nde los mejores de Am\u00e9rica, pero que definitivamente si empezamos a no\ncumplirlo, generar\u00e1 problemas\u201d.<\/p>\n\n\n\n<p><strong><em>\u201cDiscontinuar vacunas genera<\/em><\/strong><\/p>\n\n\n\n<p><strong><em>un gran impacto negativo\u201d<\/em><\/strong><\/p>\n\n\n\n<p>\u201cQue\nse discontin\u00faen las vacunas genera un gran impacto no solo en la poblaci\u00f3n sino\ntambi\u00e9n en el equipo de salud. Bajan las coberturas que son dif\u00edciles de\nrecuperar, se pierde la confianza en el sistema y se corre el riesgo de la\naparici\u00f3n de casos de enfermedades que est\u00e1n controladas como la Poliomielitis,\nSarampi\u00f3n, Rub\u00e9ola y Sindrome de Rub\u00e9ola cong\u00e9nito, T\u00e9tanos neonatal y otras\nedades, Difteria\u201d, explicaron desde el MDH.<\/p>\n\n\n\n<p>A\nsu vez, desde el \u00e1rea de inmunizaciones reclamaron: \u201cNos hab\u00edan asegurado que\nen el presupuesto 2019, se contempla la compra y adquisici\u00f3n de todas las\nvacunas de calendario, incluso el recupero de la dosis de meningococo para\nni\u00f1os y ni\u00f1as a los 11 a\u00f1os de edad. Pero la realidad es que ya casi no quedan\ndosis ni para los lactantes. La misma situaci\u00f3n ocurre con la vacuna oral\ncontra el Rotavirus que se administra a los lactantes a los 2 y 4 meses de edad\u201d.<\/p>\n\n\n\n<p><strong>Rotavirus<\/strong><\/p>\n\n\n\n<p>Especificaron\nque el rotavirus es el agente etiol\u00f3gico individual m\u00e1s importante de\ngastroenteritis aguda en ni\u00f1os menores de 5 a\u00f1os de edad en todo el mundo,\nafectando especialmente a lactantes y ni\u00f1os peque\u00f1os.<\/p>\n\n\n\n<p>La\nenfermedad por rotavirus era la principal causa de consulta m\u00e9dica e\ninternaci\u00f3n por diarrea aguda hasta la introducci\u00f3n, en el 2015, de la vacuna\noral contra el rotavirus. Desde el 2015 no hab\u00edan faltado dosis de esta vacuna,\nhoy estamos con un stock reducido y desde naci\u00f3n no tienen una respuesta\nconcreta de cu\u00e1ndo enviar\u00e1n m\u00e1s dosis.<\/p>\n\n\n\n<p>Seg\u00fan\ndatos de la OMS se estima que anualmente enferman 110-125 millones de ni\u00f1os con\ndiarrea por rotavirusen el mundo y que m\u00e1s de 600.000 menores de 5 a\u00f1os mueren\npor esta causa.<\/p>\n\n\n\n<p>La\nvacuna anti-rotav\u00edrica constituye una oportunidad importante para disminuir la\ndiarrea grave causada por rotavirus y la letalidad que esta patolog\u00eda produce\nen ni\u00f1os menores de 5 a\u00f1os de Argentina, adem\u00e1s del impactosocio econ\u00f3mico\nnegativo generado por la enfermedad.<\/p>\n\n\n\n<p>\u201cDe\ncontinuar esta situaci\u00f3n, se expone a la poblaci\u00f3n, principalmente a los ni\u00f1os,\nde padecer enfermedades prevenibles a trav\u00e9s de la vacunaci\u00f3n\u201d, alertaron.<\/p>\n","protected":false},"excerpt":{"rendered":"<p>Desde el Ministerio de Desarrollo Humano de la provincia crece la preocupaci\u00f3n porque pese a los reiterados reclamos de env\u00edo de las dosis requeridas para la poblaci\u00f3n objetivo en la provincia, desde el Ministerio de Salud de la Naci\u00f3n y Acci\u00f3n Social, \u201cno se tienen respuestas concretas\u201d. Es por ello que se alerta a la [&hellip;]<\/p>\n","protected":false},"author":11,"featured_media":34294,"comment_status":"open","ping_status":"open","sticky":false,"template":"","format":"standard","meta":{"footnotes":""},"categories":[12],"tags":[],"class_list":["post-34292","post","type-post","status-publish","format-standard","has-post-thumbnail","hentry","category-salud"],"_links":{"self":[{"href":"http:\/\/informeformosa.com.ar\/index.php?rest_route=\/wp\/v2\/posts\/34292","targetHints":{"allow":["GET"]}}],"collection":[{"href":"http:\/\/informeformosa.com.ar\/index.php?rest_route=\/wp\/v2\/posts"}],"about":[{"href":"http:\/\/informeformosa.com.ar\/index.php?rest_route=\/wp\/v2\/types\/post"}],"author":[{"embeddable":true,"href":"http:\/\/informeformosa.com.ar\/index.php?rest_route=\/wp\/v2\/users\/11"}],"replies":[{"embeddable":true,"href":"http:\/\/informeformosa.com.ar\/index.php?rest_route=%2Fwp%2Fv2%2Fcomments&post=34292"}],"version-history":[{"count":1,"href":"http:\/\/informeformosa.com.ar\/index.php?rest_route=\/wp\/v2\/posts\/34292\/revisions"}],"predecessor-version":[{"id":34295,"href":"http:\/\/informeformosa.com.ar\/index.php?rest_route=\/wp\/v2\/posts\/34292\/revisions\/34295"}],"wp:featuredmedia":[{"embeddable":true,"href":"http:\/\/informeformosa.com.ar\/index.php?rest_route=\/wp\/v2\/media\/34294"}],"wp:attachment":[{"href":"http:\/\/informeformosa.com.ar\/index.php?rest_route=%2Fwp%2Fv2%2Fmedia&parent=34292"}],"wp:term":[{"taxonomy":"category","embeddable":true,"href":"http:\/\/informeformosa.com.ar\/index.php?rest_route=%2Fwp%2Fv2%2Fcategories&post=34292"},{"taxonomy":"post_tag","embeddable":true,"href":"http:\/\/informeformosa.com.ar\/index.php?rest_route=%2Fwp%2Fv2%2Ftags&post=34292"}],"curies":[{"name":"wp","href":"https:\/\/api.w.org\/{rel}","templated":true}]}}