{"id":34279,"date":"2019-02-07T20:30:40","date_gmt":"2019-02-07T23:30:40","guid":{"rendered":"http:\/\/informeformosa.com.ar\/?p=34279"},"modified":"2019-02-07T20:30:44","modified_gmt":"2019-02-07T23:30:44","slug":"estiman-que-la-inflacion-en-este-ano-superara-el-30","status":"publish","type":"post","link":"http:\/\/informeformosa.com.ar\/?p=34279","title":{"rendered":"Estiman que la inflaci\u00f3n en este a\u00f1o superar\u00e1 el 30%"},"content":{"rendered":"\n<p>Desde\nla Defensor\u00eda del Pueblo de Formosa se solicit\u00f3 que se deje sin efecto la\nresoluci\u00f3n de la Secretar\u00eda de Energ\u00eda de la Naci\u00f3n a trav\u00e9s de que se\nestablece un nuevo tarifazo en el servicio de energ\u00eda el\u00e9ctrica, a lo cual se\nsuma la quita del subsidio de la tarifa social, otra medida adoptada por el\nGobierno de Mauricio Macri en detrimento de los usuarios.<\/p>\n\n\n\n<p>El\nsecretario letrado del organismo, el doctor Jos\u00e9 Garc\u00eda, explic\u00f3 que\n\u00abcumplimos nosotros como Defensor\u00eda del Pueblo en hacer el reclamo previo\nadministrativo ante las autoridades nacionales y, superado el plazo y atento a\nque la nueva tarifa comienza a estar en vigencia, se materializar\u00e1 un planteo\nen la Justicia Federal en Formosa a los fines de que se deje sin efecto la\nresoluci\u00f3n de la Secretar\u00eda de Energ\u00eda de la Naci\u00f3n\u00bb.<\/p>\n\n\n\n<p>Advirti\u00f3\nque la medida de la Naci\u00f3n \u00abes totalmente anticonstitucional\u00bb,\nreprochando que \u00abno s\u00f3lo ha dispuesto un incremento en las tarifas de\nmanera abrupta nuevamente, sino que adem\u00e1s ha establecido la quita de la tarifa\nsocial que ven\u00eda favoreciendo a hogares de menores recursos\u00bb.<\/p>\n\n\n\n<p>\u00abLos\nusuarios de Formosa en particular y los de todo el pa\u00eds en general van a ser\ndoblemente castigados a principios de 2019, atento a que perder\u00e1 el subsidio de\nla tarifa social por un lado y por otro recibir\u00e1 un grosero incremento en la\ntarifa\u00bb, reproch\u00f3 el secretario letrado.<\/p>\n\n\n\n<p>Subray\u00f3\nen tal sentido que \u00ablo que vamos a plantear ante la Justicia Federal es\nque este tipo de medidas del Gobierno Nacional viola los derechos de los\nusuarios de la provincia de Formosa, que est\u00e1n amparados por garant\u00edas\nconstitucionales, como el art\u00edculo 42 de la Constituci\u00f3n Nacional que establece\nque los intereses econ\u00f3micos de los usuarios de todo el pa\u00eds deben ser tenidos\nen cuenta por las autoridades nacionales al momento de tomar alg\u00fan tipo de\ndecisi\u00f3n\u00bb.<\/p>\n\n\n\n<p>Garc\u00eda\ncoment\u00f3 que ante la decisi\u00f3n del Gobierno de Macri de aumentar la tarifa de\nenerg\u00eda el\u00e9ctrica en 2019 un 55% de promedio acumulado, las Defensor\u00edas del\nPueblo de todo el pa\u00eds se pronunciaron en contra. \u00abCaprichosamente, la\nSecretar\u00eda de Energ\u00eda de la Naci\u00f3n dispuso un incremento en un porcentaje que estima\nes conforme a las previsiones econ\u00f3micas de las empresas que intervienen en el\ncircuito energ\u00e9tico, totalmente de espaldas a los intereses econ\u00f3micos de los\nusuarios, que tienen que ser protegidos y tenidos en cuenta\u00bb, subray\u00f3. <\/p>\n\n\n\n<p>\u00abDebi\u00f3\nhaberse hecho una audiencia p\u00fablica para informarnos c\u00f3mo se llega a este\nporcentaje del 55% para este a\u00f1o, m\u00e1xime teniendo en cuenta que estamos en un\ncontexto de recesi\u00f3n econ\u00f3mica a nivel nacional donde los salarios est\u00e1n\npr\u00e1cticamente congelados\u00bb, manifest\u00f3, recordando que \u00abla misma Corte\nSuprema de Justicia de la Naci\u00f3n ha impuesto al Estado Nacional la obligaci\u00f3n\nde informar adecuadamente a los usuarios y a su vez, si se va decretar alg\u00fan\ntipo de aumento, debe hacerlo con tarifas razonables y de acuerdo a la evoluci\u00f3n\ndel salario de los trabajadores\u00bb.<\/p>\n\n\n\n<p>Asever\u00f3\nel asesor letrado que \u00abnada de esto fue tenido en cuenta por el Gobierno\nNacional, quien a trav\u00e9s de la Secretar\u00eda de Energ\u00eda ha dispuesto este tarifazo\npara este a\u00f1o\u00bb, finaliz\u00f3.<\/p>\n","protected":false},"excerpt":{"rendered":"<p>Desde la Defensor\u00eda del Pueblo de Formosa se solicit\u00f3 que se deje sin efecto la resoluci\u00f3n de la Secretar\u00eda de Energ\u00eda de la Naci\u00f3n a trav\u00e9s de que se establece un nuevo tarifazo en el servicio de energ\u00eda el\u00e9ctrica, a lo cual se suma la quita del subsidio de la tarifa social, otra medida adoptada [&hellip;]<\/p>\n","protected":false},"author":11,"featured_media":34287,"comment_status":"open","ping_status":"open","sticky":false,"template":"","format":"standard","meta":{"footnotes":""},"categories":[6],"tags":[],"class_list":["post-34279","post","type-post","status-publish","format-standard","has-post-thumbnail","hentry","category-nacionales"],"_links":{"self":[{"href":"http:\/\/informeformosa.com.ar\/index.php?rest_route=\/wp\/v2\/posts\/34279","targetHints":{"allow":["GET"]}}],"collection":[{"href":"http:\/\/informeformosa.com.ar\/index.php?rest_route=\/wp\/v2\/posts"}],"about":[{"href":"http:\/\/informeformosa.com.ar\/index.php?rest_route=\/wp\/v2\/types\/post"}],"author":[{"embeddable":true,"href":"http:\/\/informeformosa.com.ar\/index.php?rest_route=\/wp\/v2\/users\/11"}],"replies":[{"embeddable":true,"href":"http:\/\/informeformosa.com.ar\/index.php?rest_route=%2Fwp%2Fv2%2Fcomments&post=34279"}],"version-history":[{"count":1,"href":"http:\/\/informeformosa.com.ar\/index.php?rest_route=\/wp\/v2\/posts\/34279\/revisions"}],"predecessor-version":[{"id":34288,"href":"http:\/\/informeformosa.com.ar\/index.php?rest_route=\/wp\/v2\/posts\/34279\/revisions\/34288"}],"wp:featuredmedia":[{"embeddable":true,"href":"http:\/\/informeformosa.com.ar\/index.php?rest_route=\/wp\/v2\/media\/34287"}],"wp:attachment":[{"href":"http:\/\/informeformosa.com.ar\/index.php?rest_route=%2Fwp%2Fv2%2Fmedia&parent=34279"}],"wp:term":[{"taxonomy":"category","embeddable":true,"href":"http:\/\/informeformosa.com.ar\/index.php?rest_route=%2Fwp%2Fv2%2Fcategories&post=34279"},{"taxonomy":"post_tag","embeddable":true,"href":"http:\/\/informeformosa.com.ar\/index.php?rest_route=%2Fwp%2Fv2%2Ftags&post=34279"}],"curies":[{"name":"wp","href":"https:\/\/api.w.org\/{rel}","templated":true}]}}